[{"@context":"https:\/\/schema.org\/","@type":"Article","@id":"https:\/\/www.koordona.cz\/abychom-meli-elektrinu\/#Article","mainEntityOfPage":"https:\/\/www.koordona.cz\/abychom-meli-elektrinu\/","headline":"Abychom m\u011bli elekt\u0159inu","name":"Abychom m\u011bli elekt\u0159inu","description":"Jestli n\u00e1s n\u011bco skoro stoprocentn\u011b prov\u00e1z\u00ed na\u0161\u00edm ka\u017edodenn\u00edm \u017eivotem, den co den od probuzen\u00ed a\u017e po ulo\u017een\u00ed se ke sp\u00e1nku, [&hellip;]","datePublished":"2020-12-25","dateModified":"2023-04-29","author":{"@type":"Person","@id":"https:\/\/www.koordona.cz\/author\/#Person","name":"","url":"https:\/\/www.koordona.cz\/author\/","identifier":1,"image":{"@type":"ImageObject","@id":"https:\/\/secure.gravatar.com\/avatar\/da76ffe9456a057fb26f92cd8eb3d2effca853864e9ae2a35290bd1e10b1f7d4?s=96&d=mm&r=g","url":"https:\/\/secure.gravatar.com\/avatar\/da76ffe9456a057fb26f92cd8eb3d2effca853864e9ae2a35290bd1e10b1f7d4?s=96&d=mm&r=g","height":96,"width":96}},"publisher":{"@type":"Organization","name":"koordona.cz","logo":{"@type":"ImageObject","@id":"\/logo.png","url":"\/logo.png","width":600,"height":60}},"image":{"@type":"ImageObject","@id":"https:\/\/www.koordona.cz\/wp-content\/uploads\/kreslen%C3%A9%20%C5%BE%C3%A1rovky.png","url":"https:\/\/www.koordona.cz\/wp-content\/uploads\/kreslen%C3%A9%20%C5%BE%C3%A1rovky.png","height":0,"width":0},"url":"https:\/\/www.koordona.cz\/abychom-meli-elektrinu\/","about":["Podnik\u00e1n\u00ed"],"wordCount":388,"articleBody":"     Jestli n\u00e1s n\u011bco skoro stoprocentn\u011b prov\u00e1z\u00ed na\u0161\u00edm ka\u017edodenn\u00edm \u017eivotem, den co den od probuzen\u00ed a\u017e po ulo\u017een\u00ed se ke sp\u00e1nku, je to vyu\u017e\u00edv\u00e1n\u00ed elektrick\u00e9 energie, tedy p\u0159\u00edstroj\u016f a za\u0159\u00edzen\u00ed, je\u017e jsou touto nap\u00e1jen\u00e9 a poh\u00e1n\u011bn\u00e9. Bez elekt\u0159iny u\u017e si dnes sv\u016fj \u017eivot nedok\u00e1\u017eeme v\u016fbec p\u0159edstavit, jakkoliv se ani nepokou\u0161\u00edme si to p\u0159edstavit, proto\u017ee k tomu nejsme motivov\u00e1ni, maje elekt\u0159inu za n\u011bco docela samoz\u0159ejm\u00e9ho.O\u010d bychom jenom byli ochuzeni, jak jenom by znep\u0159\u00edjemnilo n\u00e1\u0161 \u017eivot, kdybychom si dejme tomu zr\u00e1na nemohli p\u0159i elektrick\u00e9m sv\u011btle oh\u0159\u00e1t sn\u00eddani, kdybychom nemohli nikam cestovat, proto\u017ee ka\u017ed\u00fd dopravn\u00ed prost\u0159edek minim\u00e1ln\u011b okrajov\u011b, ale p\u0159esto nezbytn\u011b elekt\u0159inu pot\u0159ebuje, kdybychom nemohli v pr\u00e1ci vyu\u017e\u00edvat nejeden stroj \u010di za\u0159\u00edzen\u00ed a museli to zvl\u00e1dnout manu\u00e1ln\u011b! Jak jenom by bylo nep\u0159\u00edjemn\u00e9, kdybychom nemohli jezdit v\u00fdtahem, d\u00edvat se na televizi, poslouchat r\u00e1dio, vyu\u017e\u00edvat telefony \u010di po\u010d\u00edta\u010de\u2026Kamkoliv se kolem sebe vrtneme, v\u0161ude se najde n\u011bco, co elekt\u0159inu nezbytn\u011b pot\u0159ebuje. A proto\u017ee je pot\u0159eba m\u00edt zavedenou a funguj\u00edc\u00ed elekt\u0159inu, je pot\u0159eba m\u00edt i elektrik\u00e1\u0159e. Je\u017e pochopiteln\u011b nevlastn\u00edme a nem\u00e1me doma, ale p\u0159esto jsou n\u00e1m tito k dispozici.Jsou to pr\u00e1v\u011b lid\u00e9 t\u00e9to profese, kte\u0159\u00ed n\u00e1m umo\u017e\u0148uj\u00ed v\u00e9st plnohodnotn\u00fd elektrifikovan\u00fd \u017eivot. A kdykoliv n\u011bco z t\u00e9to bran\u017ee pot\u0159ebujeme v \u010cesk\u00e9m Brod\u011b a jeho okol\u00ed, je tu pro n\u00e1s elektrik\u00e1\u0159 \u010cesk\u00fd Brod Elektro Kucha\u0159. Pr\u00e1v\u011b na tuto slu\u017ebu je zde naprost\u00e9 spolehnut\u00ed, pr\u00e1v\u011b zdej\u0161\u00ed odborn\u00edci se n\u00e1m postaraj\u00ed o v\u0161e, co je n\u00e1m zapot\u0159eb\u00ed, abychom mohli elektrick\u00fd proud vyu\u017e\u00edvat. Ji\u017e t\u0159i desetilet\u00ed n\u00e1m tato firma poskytuje v\u0161e od n\u00e1vrhu elektroinstalace a\u017e po z\u00e1v\u011bre\u010dnou elektrorevizi a p\u0159ihl\u00e1\u0161en\u00ed se k odb\u011bru elektrick\u00e9 energie, ji\u017e t\u0159i desetilet\u00ed n\u00e1m tato firma v\u0161e nezbytn\u00e9 buduje, udr\u017euje a opravuje. Abychom mohli \u017e\u00edt na vysok\u00e9 \u00farovni, j\u00ed\u017e nelze bez elekt\u0159iny v\u016fbec dos\u00e1hnout.                                                                                                                                                                                                                                                                                                                                                                                          4\/5 - (8 votes)        "},{"@context":"https:\/\/schema.org\/","@type":"BreadcrumbList","itemListElement":[{"@type":"ListItem","position":1,"name":"Abychom m\u011bli elekt\u0159inu","item":"https:\/\/www.koordona.cz\/abychom-meli-elektrinu\/#breadcrumbitem"}]}]