{"@context":"https:\/\/schema.org\/","@type":"CollectionPage","@id":"https:\/\/www.koordona.cz\/auto-moto\/#CollectionPage","headline":"Auto moto Category","description":"","url":"https:\/\/www.koordona.cz\/auto-moto\/","hasPart":[{"@type":"Article","@id":"https:\/\/www.koordona.cz\/pekne-auto\/","headline":"P\u011bkn\u00e9 auto","url":"https:\/\/www.koordona.cz\/pekne-auto\/","datePublished":"2022-12-29","dateModified":"2023-10-02","mainEntityOfPage":"https:\/\/www.koordona.cz\/pekne-auto\/","author":{"@type":"Person","@id":"https:\/\/www.koordona.cz\/author\/#Person","name":"","url":"https:\/\/www.koordona.cz\/author\/","identifier":1,"image":{"@type":"ImageObject","@id":"https:\/\/secure.gravatar.com\/avatar\/da76ffe9456a057fb26f92cd8eb3d2effca853864e9ae2a35290bd1e10b1f7d4?s=96&d=mm&r=g","url":"https:\/\/secure.gravatar.com\/avatar\/da76ffe9456a057fb26f92cd8eb3d2effca853864e9ae2a35290bd1e10b1f7d4?s=96&d=mm&r=g","height":96,"width":96}},"publisher":{"@type":"Organization","name":"koordona.cz","logo":{"@type":"ImageObject","@id":"\/logo.png","url":"\/logo.png","width":600,"height":60}},"image":{"@type":"ImageObject","@id":"https:\/\/www.koordona.cz\/wp-content\/uploads\/car-1957037_1280.jpg","url":"https:\/\/www.koordona.cz\/wp-content\/uploads\/car-1957037_1280.jpg","height":0,"width":0},"keywords":null},{"@type":"Article","@id":"https:\/\/www.koordona.cz\/nezbytna-zimni-vybava-pro-automobil\/","headline":"Nezbytn\u00e1 zimn\u00ed v\u00fdbava pro automobil","url":"https:\/\/www.koordona.cz\/nezbytna-zimni-vybava-pro-automobil\/","datePublished":"2022-05-05","dateModified":"2023-04-29","mainEntityOfPage":"https:\/\/www.koordona.cz\/nezbytna-zimni-vybava-pro-automobil\/","author":{"@type":"Person","@id":"https:\/\/www.koordona.cz\/author\/#Person","name":"","url":"https:\/\/www.koordona.cz\/author\/","identifier":1,"image":{"@type":"ImageObject","@id":"https:\/\/secure.gravatar.com\/avatar\/da76ffe9456a057fb26f92cd8eb3d2effca853864e9ae2a35290bd1e10b1f7d4?s=96&d=mm&r=g","url":"https:\/\/secure.gravatar.com\/avatar\/da76ffe9456a057fb26f92cd8eb3d2effca853864e9ae2a35290bd1e10b1f7d4?s=96&d=mm&r=g","height":96,"width":96}},"publisher":{"@type":"Organization","name":"koordona.cz","logo":{"@type":"ImageObject","@id":"\/logo.png","url":"\/logo.png","width":600,"height":60}},"image":{"@type":"ImageObject","@id":"https:\/\/www.koordona.cz\/wp-content\/uploads\/Auto%20na%20v%C3%BDlet%C4%9B_3.jpg","url":"https:\/\/www.koordona.cz\/wp-content\/uploads\/Auto%20na%20v%C3%BDlet%C4%9B_3.jpg","height":0,"width":0},"keywords":null},{"@type":"Article","@id":"https:\/\/www.koordona.cz\/cadillac-slavi-narozeniny\/","headline":"Cadillac slav\u00ed narozeniny","url":"https:\/\/www.koordona.cz\/cadillac-slavi-narozeniny\/","datePublished":"2020-09-09","dateModified":"2023-04-29","mainEntityOfPage":"https:\/\/www.koordona.cz\/cadillac-slavi-narozeniny\/","author":{"@type":"Person","@id":"https:\/\/www.koordona.cz\/author\/#Person","name":"","url":"https:\/\/www.koordona.cz\/author\/","identifier":1,"image":{"@type":"ImageObject","@id":"https:\/\/secure.gravatar.com\/avatar\/da76ffe9456a057fb26f92cd8eb3d2effca853864e9ae2a35290bd1e10b1f7d4?s=96&d=mm&r=g","url":"https:\/\/secure.gravatar.com\/avatar\/da76ffe9456a057fb26f92cd8eb3d2effca853864e9ae2a35290bd1e10b1f7d4?s=96&d=mm&r=g","height":96,"width":96}},"publisher":{"@type":"Organization","name":"koordona.cz","logo":{"@type":"ImageObject","@id":"\/logo.png","url":"\/logo.png","width":600,"height":60}},"image":{"@type":"ImageObject","@id":"https:\/\/www.koordona.cz\/wp-content\/uploads\/img_a292900_w2171_t1505301427.png","url":"https:\/\/www.koordona.cz\/wp-content\/uploads\/img_a292900_w2171_t1505301427.png","height":0,"width":0},"keywords":null}]}