{"@context":"https:\/\/schema.org\/","@type":"CollectionPage","@id":"https:\/\/www.koordona.cz\/bydleni\/#CollectionPage","headline":"Bydlen\u00ed Category","description":"","url":"https:\/\/www.koordona.cz\/bydleni\/","hasPart":[{"@type":"Article","@id":"https:\/\/www.koordona.cz\/bydlime-nove\/","headline":"Bydl\u00edme nov\u011b","url":"https:\/\/www.koordona.cz\/bydlime-nove\/","datePublished":"2026-01-15","dateModified":"2026-01-15","mainEntityOfPage":"https:\/\/www.koordona.cz\/bydlime-nove\/","author":{"@type":"Person","@id":"https:\/\/www.koordona.cz\/author\/#Person","name":"","url":"https:\/\/www.koordona.cz\/author\/","identifier":1,"image":{"@type":"ImageObject","@id":"https:\/\/secure.gravatar.com\/avatar\/da76ffe9456a057fb26f92cd8eb3d2effca853864e9ae2a35290bd1e10b1f7d4?s=96&d=mm&r=g","url":"https:\/\/secure.gravatar.com\/avatar\/da76ffe9456a057fb26f92cd8eb3d2effca853864e9ae2a35290bd1e10b1f7d4?s=96&d=mm&r=g","height":96,"width":96}},"publisher":{"@type":"Organization","name":"koordona.cz","logo":{"@type":"ImageObject","@id":"\/logo.png","url":"\/logo.png","width":600,"height":60}},"image":{"@type":"ImageObject","@id":"https:\/\/www.koordona.cz\/wp-content\/uploads\/pexels-sergio-j-avila-3793826-33944307.jpg","url":"https:\/\/www.koordona.cz\/wp-content\/uploads\/pexels-sergio-j-avila-3793826-33944307.jpg","height":0,"width":0},"keywords":null},{"@type":"Article","@id":"https:\/\/www.koordona.cz\/v-mobilnim-dome-srazite-naklady-na-bydleni-na-minimum\/","headline":"V mobiln\u00edm dom\u011b sraz\u00edte n\u00e1klady na bydlen\u00ed na minimum","url":"https:\/\/www.koordona.cz\/v-mobilnim-dome-srazite-naklady-na-bydleni-na-minimum\/","datePublished":"2022-05-23","dateModified":"2023-04-29","mainEntityOfPage":"https:\/\/www.koordona.cz\/v-mobilnim-dome-srazite-naklady-na-bydleni-na-minimum\/","author":{"@type":"Person","@id":"https:\/\/www.koordona.cz\/author\/#Person","name":"","url":"https:\/\/www.koordona.cz\/author\/","identifier":1,"image":{"@type":"ImageObject","@id":"https:\/\/secure.gravatar.com\/avatar\/da76ffe9456a057fb26f92cd8eb3d2effca853864e9ae2a35290bd1e10b1f7d4?s=96&d=mm&r=g","url":"https:\/\/secure.gravatar.com\/avatar\/da76ffe9456a057fb26f92cd8eb3d2effca853864e9ae2a35290bd1e10b1f7d4?s=96&d=mm&r=g","height":96,"width":96}},"publisher":{"@type":"Organization","name":"koordona.cz","logo":{"@type":"ImageObject","@id":"\/logo.png","url":"\/logo.png","width":600,"height":60}},"image":{"@type":"ImageObject","@id":"https:\/\/www.koordona.cz\/wp-content\/uploads\/pots-716579_640_1.jpg","url":"https:\/\/www.koordona.cz\/wp-content\/uploads\/pots-716579_640_1.jpg","height":0,"width":0},"keywords":null},{"@type":"Article","@id":"https:\/\/www.koordona.cz\/zbavte-se-roztocu-v-matraci-a-uzijte-si-klidny-spanek\/","headline":"Zbavte se rozto\u010d\u016f v matraci a u\u017eijte si klidn\u00fd sp\u00e1nek","url":"https:\/\/www.koordona.cz\/zbavte-se-roztocu-v-matraci-a-uzijte-si-klidny-spanek\/","datePublished":"2022-02-22","dateModified":"2023-04-29","mainEntityOfPage":"https:\/\/www.koordona.cz\/zbavte-se-roztocu-v-matraci-a-uzijte-si-klidny-spanek\/","author":{"@type":"Person","@id":"https:\/\/www.koordona.cz\/author\/#Person","name":"","url":"https:\/\/www.koordona.cz\/author\/","identifier":1,"image":{"@type":"ImageObject","@id":"https:\/\/secure.gravatar.com\/avatar\/da76ffe9456a057fb26f92cd8eb3d2effca853864e9ae2a35290bd1e10b1f7d4?s=96&d=mm&r=g","url":"https:\/\/secure.gravatar.com\/avatar\/da76ffe9456a057fb26f92cd8eb3d2effca853864e9ae2a35290bd1e10b1f7d4?s=96&d=mm&r=g","height":96,"width":96}},"publisher":{"@type":"Organization","name":"koordona.cz","logo":{"@type":"ImageObject","@id":"\/logo.png","url":"\/logo.png","width":600,"height":60}},"image":{"@type":"ImageObject","@id":"https:\/\/www.koordona.cz\/wp-content\/uploads\/barefoot-g8ed30b27d_640.jpg","url":"https:\/\/www.koordona.cz\/wp-content\/uploads\/barefoot-g8ed30b27d_640.jpg","height":0,"width":0},"keywords":null},{"@type":"Article","@id":"https:\/\/www.koordona.cz\/vycistete-prostor\/","headline":"Vy\u010dist\u011bte prostor","url":"https:\/\/www.koordona.cz\/vycistete-prostor\/","datePublished":"2020-03-06","dateModified":"2023-04-29","mainEntityOfPage":"https:\/\/www.koordona.cz\/vycistete-prostor\/","author":{"@type":"Person","@id":"https:\/\/www.koordona.cz\/author\/#Person","name":"","url":"https:\/\/www.koordona.cz\/author\/","identifier":1,"image":{"@type":"ImageObject","@id":"https:\/\/secure.gravatar.com\/avatar\/da76ffe9456a057fb26f92cd8eb3d2effca853864e9ae2a35290bd1e10b1f7d4?s=96&d=mm&r=g","url":"https:\/\/secure.gravatar.com\/avatar\/da76ffe9456a057fb26f92cd8eb3d2effca853864e9ae2a35290bd1e10b1f7d4?s=96&d=mm&r=g","height":96,"width":96}},"publisher":{"@type":"Organization","name":"koordona.cz","logo":{"@type":"ImageObject","@id":"\/logo.png","url":"\/logo.png","width":600,"height":60}},"image":{"@type":"ImageObject","@id":"https:\/\/www.koordona.cz\/wp-content\/uploads\/img_a372819_w3032_t1584352995.jpg","url":"https:\/\/www.koordona.cz\/wp-content\/uploads\/img_a372819_w3032_t1584352995.jpg","height":0,"width":0},"keywords":null},{"@type":"Article","@id":"https:\/\/www.koordona.cz\/nejsou-kamna-jako-kamna\/","headline":"Nejsou kamna jako kamna","url":"https:\/\/www.koordona.cz\/nejsou-kamna-jako-kamna\/","datePublished":"2020-01-27","dateModified":"2023-04-29","mainEntityOfPage":"https:\/\/www.koordona.cz\/nejsou-kamna-jako-kamna\/","author":{"@type":"Person","@id":"https:\/\/www.koordona.cz\/author\/#Person","name":"","url":"https:\/\/www.koordona.cz\/author\/","identifier":1,"image":{"@type":"ImageObject","@id":"https:\/\/secure.gravatar.com\/avatar\/da76ffe9456a057fb26f92cd8eb3d2effca853864e9ae2a35290bd1e10b1f7d4?s=96&d=mm&r=g","url":"https:\/\/secure.gravatar.com\/avatar\/da76ffe9456a057fb26f92cd8eb3d2effca853864e9ae2a35290bd1e10b1f7d4?s=96&d=mm&r=g","height":96,"width":96}},"publisher":{"@type":"Organization","name":"koordona.cz","logo":{"@type":"ImageObject","@id":"\/logo.png","url":"\/logo.png","width":600,"height":60}},"image":{"@type":"ImageObject","@id":"https:\/\/www.koordona.cz\/wp-content\/uploads\/img_a368121_w3032_t1580456230.jpg","url":"https:\/\/www.koordona.cz\/wp-content\/uploads\/img_a368121_w3032_t1580456230.jpg","height":0,"width":0},"keywords":null}]}