[{"@context":"https:\/\/schema.org\/","@type":"Article","@id":"https:\/\/www.koordona.cz\/chrante-svuj-majetek-v-aute-bezpecnostni-folii\/#Article","mainEntityOfPage":"https:\/\/www.koordona.cz\/chrante-svuj-majetek-v-aute-bezpecnostni-folii\/","headline":"Chra\u0148te sv\u016fj majetek v\u00a0aut\u011b bezpe\u010dnostn\u00ed f\u00f3li\u00ed","name":"Chra\u0148te sv\u016fj majetek v\u00a0aut\u011b bezpe\u010dnostn\u00ed f\u00f3li\u00ed","description":"Letn\u00ed hork\u00e9 dny jsou velice nep\u0159\u00edjemn\u00e9, kdy\u017e se mus\u00edte pa\u0159it v aut\u011b. Pr\u00e1v\u011b d\u00edky skl\u016fm, p\u0159es kter\u00e9 proch\u00e1z\u00ed do interi\u00e9ru [&hellip;]","datePublished":"2025-03-09","dateModified":"2025-03-09","author":{"@type":"Person","@id":"https:\/\/www.koordona.cz\/author\/#Person","name":"","url":"https:\/\/www.koordona.cz\/author\/","identifier":1,"image":{"@type":"ImageObject","@id":"https:\/\/secure.gravatar.com\/avatar\/da76ffe9456a057fb26f92cd8eb3d2effca853864e9ae2a35290bd1e10b1f7d4?s=96&d=mm&r=g","url":"https:\/\/secure.gravatar.com\/avatar\/da76ffe9456a057fb26f92cd8eb3d2effca853864e9ae2a35290bd1e10b1f7d4?s=96&d=mm&r=g","height":96,"width":96}},"publisher":{"@type":"Organization","name":"koordona.cz","logo":{"@type":"ImageObject","@id":"\/logo.png","url":"\/logo.png","width":600,"height":60}},"url":"https:\/\/www.koordona.cz\/chrante-svuj-majetek-v-aute-bezpecnostni-folii\/","wordCount":197,"articleBody":"Letn\u00ed hork\u00e9 dny jsou velice nep\u0159\u00edjemn\u00e9, kdy\u017e se mus\u00edte pa\u0159it v aut\u011b. Pr\u00e1v\u011b d\u00edky skl\u016fm, p\u0159es kter\u00e9 proch\u00e1z\u00ed do interi\u00e9ru auta tolik slune\u010dn\u00edch paprsk\u016f, je v aut\u011b potom nep\u0159\u00edjemn\u011b vedro. Zamezte tk tomuto d\u011bji, a nechte si namontovat pr\u00e1v\u011b od n\u00e1s skv\u011bl\u00e9 autof\u00f3lie.Uvid\u00edte, \u017ee pokud nech\u00e1te nainstalovat autof\u00f3lie i vy, dostane se v\u00e1m n\u011bco b\u00e1je\u010dn\u00e9ho. U n\u00e1s si m\u016f\u017eete vybrat z dvou variant, a to jak bezpe\u010dnostn\u00ed, tak protislune\u010dn\u00ed autof\u00f3lie. A\u0165 u\u017e si vyberete jak\u00e9koli, ob\u011b spln\u00ed va\u0161e o\u010dek\u00e1v\u00e1n\u00ed, zamez\u00ed tak nep\u0159\u00edjemn\u00fdm vliv\u016fm z venku.U n\u00e1s jedin\u011b levn\u011bUd\u011blejte si tak radost, a p\u0159ije\u010fte k n\u00e1m s prosbou o namontov\u00e1n\u00ed skv\u011bl\u00fdch prost\u0159edk\u016f pro lep\u0161\u00ed pobyt v aut\u011b. Na\u0161e pr\u00e1ce se v\u00e1m vyplat\u00ed, a to nejen co se t\u00fd\u010de cen, ale i kvality, o kter\u00e9 by v\u00e1m mohlo n\u011bkolik tis\u00edc\u016f spokojen\u00fdch z\u00e1kazn\u00edk\u016f jen a jen pov\u00eddat.                                                                                                                                                                                                                                                                                                                                                                                        5\/5 - (1 vote)        "},{"@context":"https:\/\/schema.org\/","@type":"BreadcrumbList","itemListElement":[{"@type":"ListItem","position":1,"name":"Chra\u0148te sv\u016fj majetek v\u00a0aut\u011b bezpe\u010dnostn\u00ed f\u00f3li\u00ed","item":"https:\/\/www.koordona.cz\/chrante-svuj-majetek-v-aute-bezpecnostni-folii\/#breadcrumbitem"}]}]