{"@context":"https:\/\/schema.org\/","@type":"CollectionPage","@id":"https:\/\/www.koordona.cz\/krasa\/#CollectionPage","headline":"Kr\u00e1sa Category","description":"","url":"https:\/\/www.koordona.cz\/krasa\/","hasPart":[{"@type":"Article","@id":"https:\/\/www.koordona.cz\/vanocni-sexy-asistentka-prazdniny-a-parfemy-darky-pro-zenu\/","headline":"V\u00e1no\u010dn\u00ed sexy asistentka, pr\u00e1zdniny a parf\u00e9my d\u00e1rky pro \u017eenu","url":"https:\/\/www.koordona.cz\/vanocni-sexy-asistentka-prazdniny-a-parfemy-darky-pro-zenu\/","datePublished":"2023-12-23","dateModified":"2024-01-02","mainEntityOfPage":"https:\/\/www.koordona.cz\/vanocni-sexy-asistentka-prazdniny-a-parfemy-darky-pro-zenu\/","author":{"@type":"Person","@id":"https:\/\/www.koordona.cz\/author\/#Person","name":"","url":"https:\/\/www.koordona.cz\/author\/","identifier":1,"image":{"@type":"ImageObject","@id":"https:\/\/secure.gravatar.com\/avatar\/da76ffe9456a057fb26f92cd8eb3d2effca853864e9ae2a35290bd1e10b1f7d4?s=96&d=mm&r=g","url":"https:\/\/secure.gravatar.com\/avatar\/da76ffe9456a057fb26f92cd8eb3d2effca853864e9ae2a35290bd1e10b1f7d4?s=96&d=mm&r=g","height":96,"width":96}},"publisher":{"@type":"Organization","name":"koordona.cz","logo":{"@type":"ImageObject","@id":"\/logo.png","url":"\/logo.png","width":600,"height":60}},"image":{"@type":"ImageObject","@id":"https:\/\/www.koordona.cz\/wp-content\/uploads\/zena_v_pradle_i06RMq.jpg","url":"https:\/\/www.koordona.cz\/wp-content\/uploads\/zena_v_pradle_i06RMq.jpg","height":0,"width":0},"keywords":null},{"@type":"Article","@id":"https:\/\/www.koordona.cz\/kdyz-je-konickem-rybareni\/","headline":"Kdy\u017e je kon\u00ed\u010dkem ryba\u0159en\u00ed","url":"https:\/\/www.koordona.cz\/kdyz-je-konickem-rybareni\/","datePublished":"2022-01-17","dateModified":"2023-04-29","mainEntityOfPage":"https:\/\/www.koordona.cz\/kdyz-je-konickem-rybareni\/","author":{"@type":"Person","@id":"https:\/\/www.koordona.cz\/author\/#Person","name":"","url":"https:\/\/www.koordona.cz\/author\/","identifier":1,"image":{"@type":"ImageObject","@id":"https:\/\/secure.gravatar.com\/avatar\/da76ffe9456a057fb26f92cd8eb3d2effca853864e9ae2a35290bd1e10b1f7d4?s=96&d=mm&r=g","url":"https:\/\/secure.gravatar.com\/avatar\/da76ffe9456a057fb26f92cd8eb3d2effca853864e9ae2a35290bd1e10b1f7d4?s=96&d=mm&r=g","height":96,"width":96}},"publisher":{"@type":"Organization","name":"koordona.cz","logo":{"@type":"ImageObject","@id":"\/logo.png","url":"\/logo.png","width":600,"height":60}},"image":{"@type":"ImageObject","@id":"https:\/\/www.koordona.cz\/wp-content\/uploads\/landscape-g027f1ca91_640.jpg","url":"https:\/\/www.koordona.cz\/wp-content\/uploads\/landscape-g027f1ca91_640.jpg","height":0,"width":0},"keywords":null},{"@type":"Article","@id":"https:\/\/www.koordona.cz\/plot-je-zaklad-domu\/","headline":"Plot je z\u00e1klad domu","url":"https:\/\/www.koordona.cz\/plot-je-zaklad-domu\/","datePublished":"2021-02-19","dateModified":"2023-04-29","mainEntityOfPage":"https:\/\/www.koordona.cz\/plot-je-zaklad-domu\/","author":{"@type":"Person","@id":"https:\/\/www.koordona.cz\/author\/#Person","name":"","url":"https:\/\/www.koordona.cz\/author\/","identifier":1,"image":{"@type":"ImageObject","@id":"https:\/\/secure.gravatar.com\/avatar\/da76ffe9456a057fb26f92cd8eb3d2effca853864e9ae2a35290bd1e10b1f7d4?s=96&d=mm&r=g","url":"https:\/\/secure.gravatar.com\/avatar\/da76ffe9456a057fb26f92cd8eb3d2effca853864e9ae2a35290bd1e10b1f7d4?s=96&d=mm&r=g","height":96,"width":96}},"publisher":{"@type":"Organization","name":"koordona.cz","logo":{"@type":"ImageObject","@id":"\/logo.png","url":"\/logo.png","width":600,"height":60}},"image":{"@type":"ImageObject","@id":"https:\/\/www.koordona.cz\/wp-content\/uploads\/Plot.png","url":"https:\/\/www.koordona.cz\/wp-content\/uploads\/Plot.png","height":0,"width":0},"keywords":null},{"@type":"Article","@id":"https:\/\/www.koordona.cz\/vyborne-letni-osvezeni\/","headline":"V\u00fdborn\u00e9 letn\u00ed osv\u011b\u017een\u00ed","url":"https:\/\/www.koordona.cz\/vyborne-letni-osvezeni\/","datePublished":"2020-01-10","dateModified":"2023-04-29","mainEntityOfPage":"https:\/\/www.koordona.cz\/vyborne-letni-osvezeni\/","author":{"@type":"Person","@id":"https:\/\/www.koordona.cz\/author\/#Person","name":"","url":"https:\/\/www.koordona.cz\/author\/","identifier":1,"image":{"@type":"ImageObject","@id":"https:\/\/secure.gravatar.com\/avatar\/da76ffe9456a057fb26f92cd8eb3d2effca853864e9ae2a35290bd1e10b1f7d4?s=96&d=mm&r=g","url":"https:\/\/secure.gravatar.com\/avatar\/da76ffe9456a057fb26f92cd8eb3d2effca853864e9ae2a35290bd1e10b1f7d4?s=96&d=mm&r=g","height":96,"width":96}},"publisher":{"@type":"Organization","name":"koordona.cz","logo":{"@type":"ImageObject","@id":"\/logo.png","url":"\/logo.png","width":600,"height":60}},"image":{"@type":"ImageObject","@id":"https:\/\/www.koordona.cz\/wp-content\/uploads\/img_a355525_w3032_t1569749688.jpg","url":"https:\/\/www.koordona.cz\/wp-content\/uploads\/img_a355525_w3032_t1569749688.jpg","height":0,"width":0},"keywords":null},{"@type":"Article","@id":"https:\/\/www.koordona.cz\/a-na-jakych-kliccich-si-pochutnate-dnes\/","headline":"A na jak\u00fdch kl\u00ed\u010dc\u00edch si pochutn\u00e1te dnes?","url":"https:\/\/www.koordona.cz\/a-na-jakych-kliccich-si-pochutnate-dnes\/","datePublished":"2019-05-17","dateModified":"2023-04-29","mainEntityOfPage":"https:\/\/www.koordona.cz\/a-na-jakych-kliccich-si-pochutnate-dnes\/","author":{"@type":"Person","@id":"https:\/\/www.koordona.cz\/author\/#Person","name":"","url":"https:\/\/www.koordona.cz\/author\/","identifier":1,"image":{"@type":"ImageObject","@id":"https:\/\/secure.gravatar.com\/avatar\/da76ffe9456a057fb26f92cd8eb3d2effca853864e9ae2a35290bd1e10b1f7d4?s=96&d=mm&r=g","url":"https:\/\/secure.gravatar.com\/avatar\/da76ffe9456a057fb26f92cd8eb3d2effca853864e9ae2a35290bd1e10b1f7d4?s=96&d=mm&r=g","height":96,"width":96}},"publisher":{"@type":"Organization","name":"koordona.cz","logo":{"@type":"ImageObject","@id":"\/logo.png","url":"\/logo.png","width":600,"height":60}},"image":{"@type":"ImageObject","@id":"https:\/\/www.koordona.cz\/wp-content\/uploads\/img_a355915_w1773_t1570691880.jpg","url":"https:\/\/www.koordona.cz\/wp-content\/uploads\/img_a355915_w1773_t1570691880.jpg","height":0,"width":0},"keywords":null},{"@type":"Article","@id":"https:\/\/www.koordona.cz\/generika-drahych-leciv\/","headline":"Generika drah\u00fdch l\u00e9\u010div","url":"https:\/\/www.koordona.cz\/generika-drahych-leciv\/","datePublished":"2019-01-12","dateModified":"2023-05-09","mainEntityOfPage":"https:\/\/www.koordona.cz\/generika-drahych-leciv\/","author":{"@type":"Person","@id":"https:\/\/www.koordona.cz\/author\/#Person","name":"","url":"https:\/\/www.koordona.cz\/author\/","identifier":1,"image":{"@type":"ImageObject","@id":"https:\/\/secure.gravatar.com\/avatar\/da76ffe9456a057fb26f92cd8eb3d2effca853864e9ae2a35290bd1e10b1f7d4?s=96&d=mm&r=g","url":"https:\/\/secure.gravatar.com\/avatar\/da76ffe9456a057fb26f92cd8eb3d2effca853864e9ae2a35290bd1e10b1f7d4?s=96&d=mm&r=g","height":96,"width":96}},"publisher":{"@type":"Organization","name":"koordona.cz","logo":{"@type":"ImageObject","@id":"\/logo.png","url":"\/logo.png","width":600,"height":60}},"image":{"@type":"ImageObject","@id":"https:\/\/www.koordona.cz\/wp-content\/uploads\/img_a339211_w1748_t1552388377.jpg","url":"https:\/\/www.koordona.cz\/wp-content\/uploads\/img_a339211_w1748_t1552388377.jpg","height":0,"width":0},"keywords":null},{"@type":"Article","@id":"https:\/\/www.koordona.cz\/nedostatek-mista-v-pokojicku-vyresi-postel-s-uloznym-prostorem\/","headline":"Nedostatek m\u00edsta v pokoj\u00ed\u010dku vy\u0159e\u0161\u00ed postel s \u00falo\u017en\u00fdm prostorem","url":"https:\/\/www.koordona.cz\/nedostatek-mista-v-pokojicku-vyresi-postel-s-uloznym-prostorem\/","datePublished":"2018-07-18","dateModified":"2023-04-29","mainEntityOfPage":"https:\/\/www.koordona.cz\/nedostatek-mista-v-pokojicku-vyresi-postel-s-uloznym-prostorem\/","author":{"@type":"Person","@id":"https:\/\/www.koordona.cz\/author\/#Person","name":"","url":"https:\/\/www.koordona.cz\/author\/","identifier":1,"image":{"@type":"ImageObject","@id":"https:\/\/secure.gravatar.com\/avatar\/da76ffe9456a057fb26f92cd8eb3d2effca853864e9ae2a35290bd1e10b1f7d4?s=96&d=mm&r=g","url":"https:\/\/secure.gravatar.com\/avatar\/da76ffe9456a057fb26f92cd8eb3d2effca853864e9ae2a35290bd1e10b1f7d4?s=96&d=mm&r=g","height":96,"width":96}},"publisher":{"@type":"Organization","name":"koordona.cz","logo":{"@type":"ImageObject","@id":"\/logo.png","url":"\/logo.png","width":600,"height":60}},"image":{"@type":"ImageObject","@id":"https:\/\/www.koordona.cz\/wp-content\/uploads\/img_a325357_w2445_t1537252362.jpg","url":"https:\/\/www.koordona.cz\/wp-content\/uploads\/img_a325357_w2445_t1537252362.jpg","height":0,"width":0},"keywords":null},{"@type":"Article","@id":"https:\/\/www.koordona.cz\/darek-na-kterem-velmi-zalezi\/","headline":"D\u00e1rek, na kter\u00e9m velmi z\u00e1le\u017e\u00ed","url":"https:\/\/www.koordona.cz\/darek-na-kterem-velmi-zalezi\/","datePublished":"2017-12-08","dateModified":"2023-04-29","mainEntityOfPage":"https:\/\/www.koordona.cz\/darek-na-kterem-velmi-zalezi\/","author":{"@type":"Person","@id":"https:\/\/www.koordona.cz\/author\/#Person","name":"","url":"https:\/\/www.koordona.cz\/author\/","identifier":1,"image":{"@type":"ImageObject","@id":"https:\/\/secure.gravatar.com\/avatar\/da76ffe9456a057fb26f92cd8eb3d2effca853864e9ae2a35290bd1e10b1f7d4?s=96&d=mm&r=g","url":"https:\/\/secure.gravatar.com\/avatar\/da76ffe9456a057fb26f92cd8eb3d2effca853864e9ae2a35290bd1e10b1f7d4?s=96&d=mm&r=g","height":96,"width":96}},"publisher":{"@type":"Organization","name":"koordona.cz","logo":{"@type":"ImageObject","@id":"\/logo.png","url":"\/logo.png","width":600,"height":60}},"image":{"@type":"ImageObject","@id":"https:\/\/www.koordona.cz\/wp-content\/uploads\/img_a314527_w2114_t1525358164.jpg","url":"https:\/\/www.koordona.cz\/wp-content\/uploads\/img_a314527_w2114_t1525358164.jpg","height":0,"width":0},"keywords":null}]}