[{"@context":"https:\/\/schema.org\/","@type":"Article","@id":"https:\/\/www.koordona.cz\/navrhnete-si-koberec-podle-svych-predstav\/#Article","mainEntityOfPage":"https:\/\/www.koordona.cz\/navrhnete-si-koberec-podle-svych-predstav\/","headline":"Navrhn\u011bte si koberec podle sv\u00fdch p\u0159edstav","name":"Navrhn\u011bte si koberec podle sv\u00fdch p\u0159edstav","description":"Jste kreativn\u00ed a m\u00e1te r\u00e1di originalitu, a proto byste do sv\u00e9 dom\u00e1cnosti cht\u011bli um\u00edstit p\u0159edm\u011bt, kter\u00fd by t\u011bmto po\u017eadavk\u016fm odpov\u00eddal? [&hellip;]","datePublished":"2025-02-25","dateModified":"2025-02-25","author":{"@type":"Person","@id":"https:\/\/www.koordona.cz\/author\/#Person","name":"","url":"https:\/\/www.koordona.cz\/author\/","identifier":1,"image":{"@type":"ImageObject","@id":"https:\/\/secure.gravatar.com\/avatar\/da76ffe9456a057fb26f92cd8eb3d2effca853864e9ae2a35290bd1e10b1f7d4?s=96&d=mm&r=g","url":"https:\/\/secure.gravatar.com\/avatar\/da76ffe9456a057fb26f92cd8eb3d2effca853864e9ae2a35290bd1e10b1f7d4?s=96&d=mm&r=g","height":96,"width":96}},"publisher":{"@type":"Organization","name":"koordona.cz","logo":{"@type":"ImageObject","@id":"\/logo.png","url":"\/logo.png","width":600,"height":60}},"url":"https:\/\/www.koordona.cz\/navrhnete-si-koberec-podle-svych-predstav\/","wordCount":252,"articleBody":"Jste kreativn\u00ed a m\u00e1te r\u00e1di originalitu, a proto byste do sv\u00e9 dom\u00e1cnosti cht\u011bli um\u00edstit p\u0159edm\u011bt, kter\u00fd by t\u011bmto po\u017eadavk\u016fm odpov\u00eddal? A t\u00edm prvkem by m\u011bl b\u00fdt luxusn\u00ed tepich, jeho\u017e v\u0161ak nikdo jin\u00fd ve sv\u00e9 dom\u00e1cnosti m\u00edt nebude. Jeliko\u017e m\u00e1me k dispozici na dalek\u00e9m v\u00fdchod\u011b vlastn\u00ed d\u00edlny pro v\u00fdrobu t\u011bchto interi\u00e9rov\u00fdch dopl\u0148k\u016f, m\u016f\u017eete si u n\u00e1s nechat zhotovit takov\u00fd, kter\u00fd si sami navrhnete! A\u0165 u\u017e m\u00e1te ur\u010dit\u00e9 p\u0159edstavy t\u00fdkaj\u00edc\u00ed se kombinace barevn\u00fdch t\u00f3n\u016f nebo jste si navrhli vlastn\u00ed netradi\u010dn\u00ed motivy, r\u00e1di v\u00e1m toto p\u0159\u00e1n\u00ed spln\u00edme! Stejn\u011b tak je-li v\u00e1\u0161 interi\u00e9r neobvykl\u00fdch rozm\u011br\u016f, do n\u011bho\u017e nem\u016f\u017ee sehnat vhodn\u00e9 podlahov\u00e9 dopl\u0148ky a do plovouc\u00ed podlahy se v\u00e1m investovat nechce, vyrob\u00edme v\u00e1m tepich p\u0159\u00edmo na m\u00edru! Obdarujte druh\u00e9 luxusn\u00edm prvkem do dom\u00e1cnosti St\u011bhuj\u00ed se va\u0161i p\u0159\u00edbuzn\u00ed do nov\u00e9ho domu anebo slav\u00ed n\u011bkdo kulat\u00e9 narozeniny a vy ho proto chcete obda\u0159it neobvykl\u00fdm, av\u0161ak u\u017eite\u010dn\u00fdm a z\u00e1rove\u0148 kvalitn\u00edm p\u0159ekvapen\u00edm? Pro\u010d nezvolit jeden z na\u0161ich orient\u00e1ln\u00edch koberc\u016f Buchara? Nejen\u017ee v\u0161echny tyto po\u017eadavky hrav\u011b spl\u0148uj\u00ed, ale z\u00e1rove\u0148 sv\u00fdm vzhledem vyvol\u00e1vaj\u00ed pozitivn\u00ed dojem a v ka\u017ed\u00e9 dom\u00e1cnosti pln\u00ed nezbytnou estetickou funkci!                                                                                                                                                                                                                                                                                                                                                                                                "},{"@context":"https:\/\/schema.org\/","@type":"BreadcrumbList","itemListElement":[{"@type":"ListItem","position":1,"name":"Navrhn\u011bte si koberec podle sv\u00fdch p\u0159edstav","item":"https:\/\/www.koordona.cz\/navrhnete-si-koberec-podle-svych-predstav\/#breadcrumbitem"}]}]