{"@context":"https:\/\/schema.org\/","@type":"CollectionPage","@id":"https:\/\/www.koordona.cz\/podnikani\/#CollectionPage","headline":"Podnik\u00e1n\u00ed Category","description":"","url":"https:\/\/www.koordona.cz\/podnikani\/","hasPart":[{"@type":"Article","@id":"https:\/\/www.koordona.cz\/paradontitida-jak-se-projevuje-a-jak-se-resi\/","headline":"Paradontitida: Jak se projevuje a jak se \u0159e\u0161\u00ed","url":"https:\/\/www.koordona.cz\/paradontitida-jak-se-projevuje-a-jak-se-resi\/","datePublished":"2025-11-03","dateModified":"2025-11-03","mainEntityOfPage":"https:\/\/www.koordona.cz\/paradontitida-jak-se-projevuje-a-jak-se-resi\/","author":{"@type":"Person","@id":"https:\/\/www.koordona.cz\/author\/#Person","name":"","url":"https:\/\/www.koordona.cz\/author\/","identifier":1,"image":{"@type":"ImageObject","@id":"https:\/\/secure.gravatar.com\/avatar\/da76ffe9456a057fb26f92cd8eb3d2effca853864e9ae2a35290bd1e10b1f7d4?s=96&d=mm&r=g","url":"https:\/\/secure.gravatar.com\/avatar\/da76ffe9456a057fb26f92cd8eb3d2effca853864e9ae2a35290bd1e10b1f7d4?s=96&d=mm&r=g","height":96,"width":96}},"publisher":{"@type":"Organization","name":"koordona.cz","logo":{"@type":"ImageObject","@id":"\/logo.png","url":"\/logo.png","width":600,"height":60}},"image":{"@type":"ImageObject","@id":"https:\/\/www.koordona.cz\/wp-content\/uploads\/dental-care-5557438_640_3.jpg","url":"https:\/\/www.koordona.cz\/wp-content\/uploads\/dental-care-5557438_640_3.jpg","height":0,"width":0},"keywords":null},{"@type":"Article","@id":"https:\/\/www.koordona.cz\/stehovani-spojene-s-vyklizenim-rodinneho-domu\/","headline":"St\u011bhov\u00e1n\u00ed spojen\u00e9 s vykl\u00edzen\u00edm rodinn\u00e9ho domu","url":"https:\/\/www.koordona.cz\/stehovani-spojene-s-vyklizenim-rodinneho-domu\/","datePublished":"2025-10-14","dateModified":"2025-10-14","mainEntityOfPage":"https:\/\/www.koordona.cz\/stehovani-spojene-s-vyklizenim-rodinneho-domu\/","author":{"@type":"Person","@id":"https:\/\/www.koordona.cz\/author\/#Person","name":"","url":"https:\/\/www.koordona.cz\/author\/","identifier":1,"image":{"@type":"ImageObject","@id":"https:\/\/secure.gravatar.com\/avatar\/da76ffe9456a057fb26f92cd8eb3d2effca853864e9ae2a35290bd1e10b1f7d4?s=96&d=mm&r=g","url":"https:\/\/secure.gravatar.com\/avatar\/da76ffe9456a057fb26f92cd8eb3d2effca853864e9ae2a35290bd1e10b1f7d4?s=96&d=mm&r=g","height":96,"width":96}},"publisher":{"@type":"Organization","name":"koordona.cz","logo":{"@type":"ImageObject","@id":"\/logo.png","url":"\/logo.png","width":600,"height":60}},"image":{"@type":"ImageObject","@id":"https:\/\/www.koordona.cz\/wp-content\/uploads\/folding-box-1673326_640_6.jpg","url":"https:\/\/www.koordona.cz\/wp-content\/uploads\/folding-box-1673326_640_6.jpg","height":0,"width":0},"keywords":null},{"@type":"Article","@id":"https:\/\/www.koordona.cz\/mame-sidlo-firmy-v-praze-a-mame-klid\/","headline":"M\u00e1me s\u00eddlo firmy v Praze a m\u00e1me klid","url":"https:\/\/www.koordona.cz\/mame-sidlo-firmy-v-praze-a-mame-klid\/","datePublished":"2024-06-10","dateModified":"2024-06-10","mainEntityOfPage":"https:\/\/www.koordona.cz\/mame-sidlo-firmy-v-praze-a-mame-klid\/","author":{"@type":"Person","@id":"https:\/\/www.koordona.cz\/author\/#Person","name":"","url":"https:\/\/www.koordona.cz\/author\/","identifier":1,"image":{"@type":"ImageObject","@id":"https:\/\/secure.gravatar.com\/avatar\/da76ffe9456a057fb26f92cd8eb3d2effca853864e9ae2a35290bd1e10b1f7d4?s=96&d=mm&r=g","url":"https:\/\/secure.gravatar.com\/avatar\/da76ffe9456a057fb26f92cd8eb3d2effca853864e9ae2a35290bd1e10b1f7d4?s=96&d=mm&r=g","height":96,"width":96}},"publisher":{"@type":"Organization","name":"koordona.cz","logo":{"@type":"ImageObject","@id":"\/logo.png","url":"\/logo.png","width":600,"height":60}},"image":{"@type":"ImageObject","@id":"https:\/\/www.koordona.cz\/wp-content\/uploads\/prague-4760603_640.jpg","url":"https:\/\/www.koordona.cz\/wp-content\/uploads\/prague-4760603_640.jpg","height":0,"width":0},"keywords":null},{"@type":"Article","@id":"https:\/\/www.koordona.cz\/unik-vody-jako-nevinna-epizoda-v-domacnosti\/","headline":"\u00danik vody jako nevinn\u00e1 epizoda v dom\u00e1cnosti","url":"https:\/\/www.koordona.cz\/unik-vody-jako-nevinna-epizoda-v-domacnosti\/","datePublished":"2024-05-10","dateModified":"2024-06-12","mainEntityOfPage":"https:\/\/www.koordona.cz\/unik-vody-jako-nevinna-epizoda-v-domacnosti\/","author":{"@type":"Person","@id":"https:\/\/www.koordona.cz\/author\/#Person","name":"","url":"https:\/\/www.koordona.cz\/author\/","identifier":1,"image":{"@type":"ImageObject","@id":"https:\/\/secure.gravatar.com\/avatar\/da76ffe9456a057fb26f92cd8eb3d2effca853864e9ae2a35290bd1e10b1f7d4?s=96&d=mm&r=g","url":"https:\/\/secure.gravatar.com\/avatar\/da76ffe9456a057fb26f92cd8eb3d2effca853864e9ae2a35290bd1e10b1f7d4?s=96&d=mm&r=g","height":96,"width":96}},"publisher":{"@type":"Organization","name":"koordona.cz","logo":{"@type":"ImageObject","@id":"\/logo.png","url":"\/logo.png","width":600,"height":60}},"image":{"@type":"ImageObject","@id":"https:\/\/www.koordona.cz\/wp-content\/uploads\/pincers-228009_640_10_2.jpg","url":"https:\/\/www.koordona.cz\/wp-content\/uploads\/pincers-228009_640_10_2.jpg","height":0,"width":0},"keywords":null},{"@type":"Article","@id":"https:\/\/www.koordona.cz\/elektro-revize-v-nove-zakoupenem-dome\/","headline":"Elektro revize v nov\u011b zakoupen\u00e9m dom\u011b","url":"https:\/\/www.koordona.cz\/elektro-revize-v-nove-zakoupenem-dome\/","datePublished":"2024-01-26","dateModified":"2024-02-27","mainEntityOfPage":"https:\/\/www.koordona.cz\/elektro-revize-v-nove-zakoupenem-dome\/","author":{"@type":"Person","@id":"https:\/\/www.koordona.cz\/author\/#Person","name":"","url":"https:\/\/www.koordona.cz\/author\/","identifier":1,"image":{"@type":"ImageObject","@id":"https:\/\/secure.gravatar.com\/avatar\/da76ffe9456a057fb26f92cd8eb3d2effca853864e9ae2a35290bd1e10b1f7d4?s=96&d=mm&r=g","url":"https:\/\/secure.gravatar.com\/avatar\/da76ffe9456a057fb26f92cd8eb3d2effca853864e9ae2a35290bd1e10b1f7d4?s=96&d=mm&r=g","height":96,"width":96}},"publisher":{"@type":"Organization","name":"koordona.cz","logo":{"@type":"ImageObject","@id":"\/logo.png","url":"\/logo.png","width":600,"height":60}},"image":{"@type":"ImageObject","@id":"https:\/\/www.koordona.cz\/wp-content\/uploads\/electrician-3087536_640_10.jpg","url":"https:\/\/www.koordona.cz\/wp-content\/uploads\/electrician-3087536_640_10.jpg","height":0,"width":0},"keywords":null},{"@type":"Article","@id":"https:\/\/www.koordona.cz\/jak-smysluplne-nakoupit-u-about-you\/","headline":"Jak smyslupln\u011b nakoupit u About You","url":"https:\/\/www.koordona.cz\/jak-smysluplne-nakoupit-u-about-you\/","datePublished":"2023-07-20","dateModified":"2023-09-21","mainEntityOfPage":"https:\/\/www.koordona.cz\/jak-smysluplne-nakoupit-u-about-you\/","author":{"@type":"Person","@id":"https:\/\/www.koordona.cz\/author\/#Person","name":"","url":"https:\/\/www.koordona.cz\/author\/","identifier":1,"image":{"@type":"ImageObject","@id":"https:\/\/secure.gravatar.com\/avatar\/da76ffe9456a057fb26f92cd8eb3d2effca853864e9ae2a35290bd1e10b1f7d4?s=96&d=mm&r=g","url":"https:\/\/secure.gravatar.com\/avatar\/da76ffe9456a057fb26f92cd8eb3d2effca853864e9ae2a35290bd1e10b1f7d4?s=96&d=mm&r=g","height":96,"width":96}},"publisher":{"@type":"Organization","name":"koordona.cz","logo":{"@type":"ImageObject","@id":"\/logo.png","url":"\/logo.png","width":600,"height":60}},"image":{"@type":"ImageObject","@id":"https:\/\/www.koordona.cz\/wp-content\/uploads\/jeans-6749852_640.jpg","url":"https:\/\/www.koordona.cz\/wp-content\/uploads\/jeans-6749852_640.jpg","height":0,"width":0},"keywords":null},{"@type":"Article","@id":"https:\/\/www.koordona.cz\/kam-pozvat-hodinoveho-manzela\/","headline":"Kam pozvat hodinov\u00e9ho man\u017eela","url":"https:\/\/www.koordona.cz\/kam-pozvat-hodinoveho-manzela\/","datePublished":"2023-02-14","dateModified":"2023-04-29","mainEntityOfPage":"https:\/\/www.koordona.cz\/kam-pozvat-hodinoveho-manzela\/","author":{"@type":"Person","@id":"https:\/\/www.koordona.cz\/author\/#Person","name":"","url":"https:\/\/www.koordona.cz\/author\/","identifier":1,"image":{"@type":"ImageObject","@id":"https:\/\/secure.gravatar.com\/avatar\/da76ffe9456a057fb26f92cd8eb3d2effca853864e9ae2a35290bd1e10b1f7d4?s=96&d=mm&r=g","url":"https:\/\/secure.gravatar.com\/avatar\/da76ffe9456a057fb26f92cd8eb3d2effca853864e9ae2a35290bd1e10b1f7d4?s=96&d=mm&r=g","height":96,"width":96}},"publisher":{"@type":"Organization","name":"koordona.cz","logo":{"@type":"ImageObject","@id":"\/logo.png","url":"\/logo.png","width":600,"height":60}},"image":{"@type":"ImageObject","@id":"https:\/\/www.koordona.cz\/wp-content\/uploads\/tools-gb1a914c1c_640.jpg","url":"https:\/\/www.koordona.cz\/wp-content\/uploads\/tools-gb1a914c1c_640.jpg","height":0,"width":0},"keywords":null},{"@type":"Article","@id":"https:\/\/www.koordona.cz\/kdo-by-mel-vyuzivat-velkoobchod-s-kratomem\/","headline":"kdo by m\u011bl vyu\u017e\u00edvat velkoobchod s kratomem","url":"https:\/\/www.koordona.cz\/kdo-by-mel-vyuzivat-velkoobchod-s-kratomem\/","datePublished":"2023-01-10","dateModified":"2023-04-29","mainEntityOfPage":"https:\/\/www.koordona.cz\/kdo-by-mel-vyuzivat-velkoobchod-s-kratomem\/","author":{"@type":"Person","@id":"https:\/\/www.koordona.cz\/author\/#Person","name":"","url":"https:\/\/www.koordona.cz\/author\/","identifier":1,"image":{"@type":"ImageObject","@id":"https:\/\/secure.gravatar.com\/avatar\/da76ffe9456a057fb26f92cd8eb3d2effca853864e9ae2a35290bd1e10b1f7d4?s=96&d=mm&r=g","url":"https:\/\/secure.gravatar.com\/avatar\/da76ffe9456a057fb26f92cd8eb3d2effca853864e9ae2a35290bd1e10b1f7d4?s=96&d=mm&r=g","height":96,"width":96}},"publisher":{"@type":"Organization","name":"koordona.cz","logo":{"@type":"ImageObject","@id":"\/logo.png","url":"\/logo.png","width":600,"height":60}},"image":{"@type":"ImageObject","@id":"https:\/\/www.koordona.cz\/wp-content\/uploads\/velkoobchod1_1.jpg","url":"https:\/\/www.koordona.cz\/wp-content\/uploads\/velkoobchod1_1.jpg","height":0,"width":0},"keywords":null},{"@type":"Article","@id":"https:\/\/www.koordona.cz\/s-estetickymi-zuby-zarivy-usmev\/","headline":"S estetick\u00fdmi zuby z\u00e1\u0159iv\u00fd \u00fasm\u011bv","url":"https:\/\/www.koordona.cz\/s-estetickymi-zuby-zarivy-usmev\/","datePublished":"2022-03-05","dateModified":"2023-12-20","mainEntityOfPage":"https:\/\/www.koordona.cz\/s-estetickymi-zuby-zarivy-usmev\/","author":{"@type":"Person","@id":"https:\/\/www.koordona.cz\/author\/#Person","name":"","url":"https:\/\/www.koordona.cz\/author\/","identifier":1,"image":{"@type":"ImageObject","@id":"https:\/\/secure.gravatar.com\/avatar\/da76ffe9456a057fb26f92cd8eb3d2effca853864e9ae2a35290bd1e10b1f7d4?s=96&d=mm&r=g","url":"https:\/\/secure.gravatar.com\/avatar\/da76ffe9456a057fb26f92cd8eb3d2effca853864e9ae2a35290bd1e10b1f7d4?s=96&d=mm&r=g","height":96,"width":96}},"publisher":{"@type":"Organization","name":"koordona.cz","logo":{"@type":"ImageObject","@id":"\/logo.png","url":"\/logo.png","width":600,"height":60}},"image":{"@type":"ImageObject","@id":"https:\/\/www.koordona.cz\/wp-content\/uploads\/z%C3%A1%C5%99iv%C3%BD%20%C3%BAsm%C4%9Bv.jpeg","url":"https:\/\/www.koordona.cz\/wp-content\/uploads\/z%C3%A1%C5%99iv%C3%BD%20%C3%BAsm%C4%9Bv.jpeg","height":0,"width":0},"keywords":null},{"@type":"Article","@id":"https:\/\/www.koordona.cz\/nebojte-se-modernich-pristroju\/","headline":"Nebojte se modern\u00edch p\u0159\u00edstroj\u016f","url":"https:\/\/www.koordona.cz\/nebojte-se-modernich-pristroju\/","datePublished":"2021-11-19","dateModified":"2023-04-29","mainEntityOfPage":"https:\/\/www.koordona.cz\/nebojte-se-modernich-pristroju\/","author":{"@type":"Person","@id":"https:\/\/www.koordona.cz\/author\/#Person","name":"","url":"https:\/\/www.koordona.cz\/author\/","identifier":1,"image":{"@type":"ImageObject","@id":"https:\/\/secure.gravatar.com\/avatar\/da76ffe9456a057fb26f92cd8eb3d2effca853864e9ae2a35290bd1e10b1f7d4?s=96&d=mm&r=g","url":"https:\/\/secure.gravatar.com\/avatar\/da76ffe9456a057fb26f92cd8eb3d2effca853864e9ae2a35290bd1e10b1f7d4?s=96&d=mm&r=g","height":96,"width":96}},"publisher":{"@type":"Organization","name":"koordona.cz","logo":{"@type":"ImageObject","@id":"\/logo.png","url":"\/logo.png","width":600,"height":60}},"image":{"@type":"ImageObject","@id":"https:\/\/www.koordona.cz\/wp-content\/uploads\/zuba%C5%99sk%C3%A9%20k%C5%99eslo_5.PNG","url":"https:\/\/www.koordona.cz\/wp-content\/uploads\/zuba%C5%99sk%C3%A9%20k%C5%99eslo_5.PNG","height":0,"width":0},"keywords":null}]}