{"@context":"https:\/\/schema.org\/","@type":"CollectionPage","@id":"https:\/\/www.koordona.cz\/podnikani\/#CollectionPage","headline":"Podnik\u00e1n\u00ed Category","description":"","url":"https:\/\/www.koordona.cz\/podnikani\/","hasPart":[{"@type":"Article","@id":"https:\/\/www.koordona.cz\/mzda-se-musi-umet-pocitat\/","headline":"Mzda se mus\u00ed um\u011bt po\u010d\u00edtat","url":"https:\/\/www.koordona.cz\/mzda-se-musi-umet-pocitat\/","datePublished":"2021-09-05","dateModified":"2023-04-29","mainEntityOfPage":"https:\/\/www.koordona.cz\/mzda-se-musi-umet-pocitat\/","author":{"@type":"Person","@id":"https:\/\/www.koordona.cz\/author\/#Person","name":"","url":"https:\/\/www.koordona.cz\/author\/","identifier":1,"image":{"@type":"ImageObject","@id":"https:\/\/secure.gravatar.com\/avatar\/da76ffe9456a057fb26f92cd8eb3d2effca853864e9ae2a35290bd1e10b1f7d4?s=96&d=mm&r=g","url":"https:\/\/secure.gravatar.com\/avatar\/da76ffe9456a057fb26f92cd8eb3d2effca853864e9ae2a35290bd1e10b1f7d4?s=96&d=mm&r=g","height":96,"width":96}},"publisher":{"@type":"Organization","name":"koordona.cz","logo":{"@type":"ImageObject","@id":"\/logo.png","url":"\/logo.png","width":600,"height":60}},"image":{"@type":"ImageObject","@id":"https:\/\/www.koordona.cz\/wp-content\/uploads\/le%C5%BE%C3%ADc%C3%AD%20mince_10_10_3.jpg","url":"https:\/\/www.koordona.cz\/wp-content\/uploads\/le%C5%BE%C3%ADc%C3%AD%20mince_10_10_3.jpg","height":0,"width":0},"keywords":null},{"@type":"Article","@id":"https:\/\/www.koordona.cz\/body-mass-index-jeho-hodnota-a-ukazatel\/","headline":"Body mass index, jeho hodnota a ukazatel","url":"https:\/\/www.koordona.cz\/body-mass-index-jeho-hodnota-a-ukazatel\/","datePublished":"2021-08-21","dateModified":"2023-04-29","mainEntityOfPage":"https:\/\/www.koordona.cz\/body-mass-index-jeho-hodnota-a-ukazatel\/","author":{"@type":"Person","@id":"https:\/\/www.koordona.cz\/author\/#Person","name":"","url":"https:\/\/www.koordona.cz\/author\/","identifier":1,"image":{"@type":"ImageObject","@id":"https:\/\/secure.gravatar.com\/avatar\/da76ffe9456a057fb26f92cd8eb3d2effca853864e9ae2a35290bd1e10b1f7d4?s=96&d=mm&r=g","url":"https:\/\/secure.gravatar.com\/avatar\/da76ffe9456a057fb26f92cd8eb3d2effca853864e9ae2a35290bd1e10b1f7d4?s=96&d=mm&r=g","height":96,"width":96}},"publisher":{"@type":"Organization","name":"koordona.cz","logo":{"@type":"ImageObject","@id":"\/logo.png","url":"\/logo.png","width":600,"height":60}},"image":{"@type":"ImageObject","@id":"https:\/\/www.koordona.cz\/wp-content\/uploads\/zelenina%20na%20tal%C3%AD%C5%99i.jpeg","url":"https:\/\/www.koordona.cz\/wp-content\/uploads\/zelenina%20na%20tal%C3%AD%C5%99i.jpeg","height":0,"width":0},"keywords":null},{"@type":"Article","@id":"https:\/\/www.koordona.cz\/potrebuje-li-clovek-auto\/","headline":"Pot\u0159ebuje-li \u010dlov\u011bk auto","url":"https:\/\/www.koordona.cz\/potrebuje-li-clovek-auto\/","datePublished":"2021-08-20","dateModified":"2023-04-29","mainEntityOfPage":"https:\/\/www.koordona.cz\/potrebuje-li-clovek-auto\/","author":{"@type":"Person","@id":"https:\/\/www.koordona.cz\/author\/#Person","name":"","url":"https:\/\/www.koordona.cz\/author\/","identifier":1,"image":{"@type":"ImageObject","@id":"https:\/\/secure.gravatar.com\/avatar\/da76ffe9456a057fb26f92cd8eb3d2effca853864e9ae2a35290bd1e10b1f7d4?s=96&d=mm&r=g","url":"https:\/\/secure.gravatar.com\/avatar\/da76ffe9456a057fb26f92cd8eb3d2effca853864e9ae2a35290bd1e10b1f7d4?s=96&d=mm&r=g","height":96,"width":96}},"publisher":{"@type":"Organization","name":"koordona.cz","logo":{"@type":"ImageObject","@id":"\/logo.png","url":"\/logo.png","width":600,"height":60}},"image":{"@type":"ImageObject","@id":"https:\/\/www.koordona.cz\/wp-content\/uploads\/p%C5%99edek%20BMW.jpg","url":"https:\/\/www.koordona.cz\/wp-content\/uploads\/p%C5%99edek%20BMW.jpg","height":0,"width":0},"keywords":null},{"@type":"Article","@id":"https:\/\/www.koordona.cz\/samozrejme-ze-na-vzdalene-misto-zakazky\/","headline":"Samoz\u0159ejm\u011b, \u017ee na vzd\u00e1len\u00e9 m\u00edsto zak\u00e1zky","url":"https:\/\/www.koordona.cz\/samozrejme-ze-na-vzdalene-misto-zakazky\/","datePublished":"2021-05-15","dateModified":"2024-04-02","mainEntityOfPage":"https:\/\/www.koordona.cz\/samozrejme-ze-na-vzdalene-misto-zakazky\/","author":{"@type":"Person","@id":"https:\/\/www.koordona.cz\/author\/#Person","name":"","url":"https:\/\/www.koordona.cz\/author\/","identifier":1,"image":{"@type":"ImageObject","@id":"https:\/\/secure.gravatar.com\/avatar\/da76ffe9456a057fb26f92cd8eb3d2effca853864e9ae2a35290bd1e10b1f7d4?s=96&d=mm&r=g","url":"https:\/\/secure.gravatar.com\/avatar\/da76ffe9456a057fb26f92cd8eb3d2effca853864e9ae2a35290bd1e10b1f7d4?s=96&d=mm&r=g","height":96,"width":96}},"publisher":{"@type":"Organization","name":"koordona.cz","logo":{"@type":"ImageObject","@id":"\/logo.png","url":"\/logo.png","width":600,"height":60}},"image":{"@type":"ImageObject","@id":"https:\/\/www.koordona.cz\/wp-content\/uploads\/dod%C3%A1vka%20star%C5%A1%C3%AD.jpg","url":"https:\/\/www.koordona.cz\/wp-content\/uploads\/dod%C3%A1vka%20star%C5%A1%C3%AD.jpg","height":0,"width":0},"keywords":null},{"@type":"Article","@id":"https:\/\/www.koordona.cz\/vek-technologii\/","headline":"V\u011bk technologi\u00ed","url":"https:\/\/www.koordona.cz\/vek-technologii\/","datePublished":"2021-01-17","dateModified":"2023-04-29","mainEntityOfPage":"https:\/\/www.koordona.cz\/vek-technologii\/","author":{"@type":"Person","@id":"https:\/\/www.koordona.cz\/author\/#Person","name":"","url":"https:\/\/www.koordona.cz\/author\/","identifier":1,"image":{"@type":"ImageObject","@id":"https:\/\/secure.gravatar.com\/avatar\/da76ffe9456a057fb26f92cd8eb3d2effca853864e9ae2a35290bd1e10b1f7d4?s=96&d=mm&r=g","url":"https:\/\/secure.gravatar.com\/avatar\/da76ffe9456a057fb26f92cd8eb3d2effca853864e9ae2a35290bd1e10b1f7d4?s=96&d=mm&r=g","height":96,"width":96}},"publisher":{"@type":"Organization","name":"koordona.cz","logo":{"@type":"ImageObject","@id":"\/logo.png","url":"\/logo.png","width":600,"height":60}},"image":{"@type":"ImageObject","@id":"https:\/\/www.koordona.cz\/wp-content\/uploads\/mobil_1.jpg","url":"https:\/\/www.koordona.cz\/wp-content\/uploads\/mobil_1.jpg","height":0,"width":0},"keywords":null},{"@type":"Article","@id":"https:\/\/www.koordona.cz\/abychom-meli-elektrinu\/","headline":"Abychom m\u011bli elekt\u0159inu","url":"https:\/\/www.koordona.cz\/abychom-meli-elektrinu\/","datePublished":"2020-12-25","dateModified":"2023-04-29","mainEntityOfPage":"https:\/\/www.koordona.cz\/abychom-meli-elektrinu\/","author":{"@type":"Person","@id":"https:\/\/www.koordona.cz\/author\/#Person","name":"","url":"https:\/\/www.koordona.cz\/author\/","identifier":1,"image":{"@type":"ImageObject","@id":"https:\/\/secure.gravatar.com\/avatar\/da76ffe9456a057fb26f92cd8eb3d2effca853864e9ae2a35290bd1e10b1f7d4?s=96&d=mm&r=g","url":"https:\/\/secure.gravatar.com\/avatar\/da76ffe9456a057fb26f92cd8eb3d2effca853864e9ae2a35290bd1e10b1f7d4?s=96&d=mm&r=g","height":96,"width":96}},"publisher":{"@type":"Organization","name":"koordona.cz","logo":{"@type":"ImageObject","@id":"\/logo.png","url":"\/logo.png","width":600,"height":60}},"image":{"@type":"ImageObject","@id":"https:\/\/www.koordona.cz\/wp-content\/uploads\/kreslen%C3%A9%20%C5%BE%C3%A1rovky.png","url":"https:\/\/www.koordona.cz\/wp-content\/uploads\/kreslen%C3%A9%20%C5%BE%C3%A1rovky.png","height":0,"width":0},"keywords":null},{"@type":"Article","@id":"https:\/\/www.koordona.cz\/footjob-miluji-nejen-muzi-ale-i-zeny\/","headline":"Footjob miluj\u00ed nejen mu\u017ei, ale i \u017eeny","url":"https:\/\/www.koordona.cz\/footjob-miluji-nejen-muzi-ale-i-zeny\/","datePublished":"2020-08-21","dateModified":"2023-04-29","mainEntityOfPage":"https:\/\/www.koordona.cz\/footjob-miluji-nejen-muzi-ale-i-zeny\/","author":{"@type":"Person","@id":"https:\/\/www.koordona.cz\/author\/#Person","name":"","url":"https:\/\/www.koordona.cz\/author\/","identifier":1,"image":{"@type":"ImageObject","@id":"https:\/\/secure.gravatar.com\/avatar\/da76ffe9456a057fb26f92cd8eb3d2effca853864e9ae2a35290bd1e10b1f7d4?s=96&d=mm&r=g","url":"https:\/\/secure.gravatar.com\/avatar\/da76ffe9456a057fb26f92cd8eb3d2effca853864e9ae2a35290bd1e10b1f7d4?s=96&d=mm&r=g","height":96,"width":96}},"publisher":{"@type":"Organization","name":"koordona.cz","logo":{"@type":"ImageObject","@id":"\/logo.png","url":"\/logo.png","width":600,"height":60}},"image":{"@type":"ImageObject","@id":"https:\/\/www.koordona.cz\/wp-content\/uploads\/d%C3%A1msk%C3%A9%20st%C5%99ev%C3%ADce.jpg","url":"https:\/\/www.koordona.cz\/wp-content\/uploads\/d%C3%A1msk%C3%A9%20st%C5%99ev%C3%ADce.jpg","height":0,"width":0},"keywords":null},{"@type":"Article","@id":"https:\/\/www.koordona.cz\/iveco-eurocargo\/","headline":"Iveco Eurocargo","url":"https:\/\/www.koordona.cz\/iveco-eurocargo\/","datePublished":"2020-08-11","dateModified":"2023-09-11","mainEntityOfPage":"https:\/\/www.koordona.cz\/iveco-eurocargo\/","author":{"@type":"Person","@id":"https:\/\/www.koordona.cz\/author\/#Person","name":"","url":"https:\/\/www.koordona.cz\/author\/","identifier":1,"image":{"@type":"ImageObject","@id":"https:\/\/secure.gravatar.com\/avatar\/da76ffe9456a057fb26f92cd8eb3d2effca853864e9ae2a35290bd1e10b1f7d4?s=96&d=mm&r=g","url":"https:\/\/secure.gravatar.com\/avatar\/da76ffe9456a057fb26f92cd8eb3d2effca853864e9ae2a35290bd1e10b1f7d4?s=96&d=mm&r=g","height":96,"width":96}},"publisher":{"@type":"Organization","name":"koordona.cz","logo":{"@type":"ImageObject","@id":"\/logo.png","url":"\/logo.png","width":600,"height":60}},"image":{"@type":"ImageObject","@id":"https:\/\/www.koordona.cz\/wp-content\/uploads\/logo%20Iveco.jpg","url":"https:\/\/www.koordona.cz\/wp-content\/uploads\/logo%20Iveco.jpg","height":0,"width":0},"keywords":null},{"@type":"Article","@id":"https:\/\/www.koordona.cz\/zabavna-hra-ktera-vas-jen-tak-nepusti\/","headline":"Z\u00e1bavn\u00e1 hra, kter\u00e1 v\u00e1s jen tak nepust\u00ed","url":"https:\/\/www.koordona.cz\/zabavna-hra-ktera-vas-jen-tak-nepusti\/","datePublished":"2020-07-13","dateModified":"2023-08-17","mainEntityOfPage":"https:\/\/www.koordona.cz\/zabavna-hra-ktera-vas-jen-tak-nepusti\/","author":{"@type":"Person","@id":"https:\/\/www.koordona.cz\/author\/#Person","name":"","url":"https:\/\/www.koordona.cz\/author\/","identifier":1,"image":{"@type":"ImageObject","@id":"https:\/\/secure.gravatar.com\/avatar\/da76ffe9456a057fb26f92cd8eb3d2effca853864e9ae2a35290bd1e10b1f7d4?s=96&d=mm&r=g","url":"https:\/\/secure.gravatar.com\/avatar\/da76ffe9456a057fb26f92cd8eb3d2effca853864e9ae2a35290bd1e10b1f7d4?s=96&d=mm&r=g","height":96,"width":96}},"publisher":{"@type":"Organization","name":"koordona.cz","logo":{"@type":"ImageObject","@id":"\/logo.png","url":"\/logo.png","width":600,"height":60}},"image":{"@type":"ImageObject","@id":"https:\/\/www.koordona.cz\/wp-content\/uploads\/Laserov%C3%A1%20zbra%C5%88.jpg","url":"https:\/\/www.koordona.cz\/wp-content\/uploads\/Laserov%C3%A1%20zbra%C5%88.jpg","height":0,"width":0},"keywords":null},{"@type":"Article","@id":"https:\/\/www.koordona.cz\/zdrave-mlsani\/","headline":"Zdrav\u00e9 mls\u00e1n\u00ed","url":"https:\/\/www.koordona.cz\/zdrave-mlsani\/","datePublished":"2019-11-16","dateModified":"2023-04-29","mainEntityOfPage":"https:\/\/www.koordona.cz\/zdrave-mlsani\/","author":{"@type":"Person","@id":"https:\/\/www.koordona.cz\/author\/#Person","name":"","url":"https:\/\/www.koordona.cz\/author\/","identifier":1,"image":{"@type":"ImageObject","@id":"https:\/\/secure.gravatar.com\/avatar\/da76ffe9456a057fb26f92cd8eb3d2effca853864e9ae2a35290bd1e10b1f7d4?s=96&d=mm&r=g","url":"https:\/\/secure.gravatar.com\/avatar\/da76ffe9456a057fb26f92cd8eb3d2effca853864e9ae2a35290bd1e10b1f7d4?s=96&d=mm&r=g","height":96,"width":96}},"publisher":{"@type":"Organization","name":"koordona.cz","logo":{"@type":"ImageObject","@id":"\/logo.png","url":"\/logo.png","width":600,"height":60}},"image":{"@type":"ImageObject","@id":"https:\/\/www.koordona.cz\/wp-content\/uploads\/img_a376978_w3898_t1588745691.jpg","url":"https:\/\/www.koordona.cz\/wp-content\/uploads\/img_a376978_w3898_t1588745691.jpg","height":0,"width":0},"keywords":null}]}