[{"@context":"https:\/\/schema.org\/","@type":"Article","@id":"https:\/\/www.koordona.cz\/radka-trestikova-a-jeji-knihy\/#Article","mainEntityOfPage":"https:\/\/www.koordona.cz\/radka-trestikova-a-jeji-knihy\/","headline":"Radka T\u0159e\u0161t\u00edkov\u00e1 a jej\u00ed knihy","name":"Radka T\u0159e\u0161t\u00edkov\u00e1 a jej\u00ed knihy","description":"Radka T\u0159e\u0161t\u00edkov\u00e1 se narodila v\u00a0roce 1981 na ji\u017en\u00ed Morav\u011b a vystudovala pr\u00e1va. P\u016fvodn\u011b tak d\u011blala profesi pr\u00e1vni\u010dky a psan\u00ed se [&hellip;]","datePublished":"2025-02-25","dateModified":"2023-04-29","author":{"@type":"Person","@id":"https:\/\/www.koordona.cz\/author\/#Person","name":"","url":"https:\/\/www.koordona.cz\/author\/","identifier":1,"image":{"@type":"ImageObject","@id":"https:\/\/secure.gravatar.com\/avatar\/da76ffe9456a057fb26f92cd8eb3d2effca853864e9ae2a35290bd1e10b1f7d4?s=96&d=mm&r=g","url":"https:\/\/secure.gravatar.com\/avatar\/da76ffe9456a057fb26f92cd8eb3d2effca853864e9ae2a35290bd1e10b1f7d4?s=96&d=mm&r=g","height":96,"width":96}},"publisher":{"@type":"Organization","name":"koordona.cz","logo":{"@type":"ImageObject","@id":"\/logo.png","url":"\/logo.png","width":600,"height":60}},"image":{"@type":"ImageObject","@id":"https:\/\/www.koordona.cz\/wp-content\/uploads\/img_a289502_w2003_t1500910821.jpg","url":"https:\/\/www.koordona.cz\/wp-content\/uploads\/img_a289502_w2003_t1500910821.jpg","height":0,"width":0},"url":"https:\/\/www.koordona.cz\/radka-trestikova-a-jeji-knihy\/","wordCount":414,"articleBody":"Radka T\u0159e\u0161t\u00edkov\u00e1 se narodila v\u00a0roce 1981 na ji\u017en\u00ed Morav\u011b a vystudovala pr\u00e1va. P\u016fvodn\u011b tak d\u011blala profesi pr\u00e1vni\u010dky a psan\u00ed se za\u010dala v\u011bnovat a\u017e pozd\u011bji. Nejd\u0159\u00edve jako autorka sloupc\u016f ve zn\u00e1m\u00fdch \u010dasopisech jako nap\u0159\u00edklad Respekt \u010di Elle, pozd\u011bji napsala i sv\u00e9 vlastn\u00ed knihy, kter\u00e9 se staly velmi \u00fasp\u011b\u0161n\u00e9.Knihy Radky T\u0159e\u0161t\u00edkov\u00e9:1)Dob\u0159e mi takDob\u0159e mi tak je autor\u010dinou prvotinou. Kniha vypr\u00e1v\u00ed o mal\u00ed\u0159i Borisovi, kter\u00fd proch\u00e1z\u00ed velkou \u017eivotn\u00ed zm\u011bnou, rozv\u00e1d\u00ed se svou man\u017eelkou. D\u00edky t\u00e9to zm\u011bn\u011b se zam\u00fd\u0161l\u00ed nad cel\u00fdm sv\u00fdm \u017eivotem a nad chybami, kter\u00e9 ud\u011blal.\u00a0 Postupn\u011b se sna\u017e\u00ed sv\u00e9 chyby napravovat a zlep\u0161it vztahy se sv\u00fdm synem.2)To pr\u0161\u00ed mo\u0159eTo pr\u0161\u00ed mo\u0159e je druh\u00e1 kniha Radky T\u0159e\u0161t\u00edkov\u00e9. Je to psychologick\u00e9 drama, kter\u00e9 vypr\u00e1v\u00ed o osudech jedn\u00e9 rodiny. V\u0161e se to\u010d\u00ed hlavn\u011b kolem hlavn\u00ed hrdinky dvacetilet\u00e9 Hany, ta se mus\u00ed vypo\u0159\u00e1dat s\u00a0rozvodem rodi\u010d\u016f. To v\u0161ak nen\u00ed jedin\u00e1 trag\u00e9die, kter\u00e1 se j\u00ed stane, pozd\u011bji ji dokonce rodi\u010de um\u0159ou a ona se tak mus\u00ed vyrovnat s\u00a0jejich smrt\u00ed. Pom\u00e1h\u00e1 j\u00ed jednak babi\u010dka a jednak star\u0161\u00ed p\u0159\u00edtel Hubert, se kter\u00fdm se sezn\u00e1mila.3)B\u00e1bovkyZat\u00edm nej\u00fasp\u011b\u0161n\u011bj\u0161\u00ed kniha Radky T\u0159e\u0161t\u00edkov\u00e9 vypr\u00e1v\u00ed o 12 \u017een\u00e1ch, jejich\u017e osudy jsou vz\u00e1jemn\u011b propojen\u00e9. Kniha je typick\u00fdm \u017eensk\u00fdm rom\u00e1nem a humorn\u011b, ale i s\u00a0trochou nap\u011bt\u00ed popisuje jejich starosti i radosti. Najdeme tu nap\u0159\u00edklad p\u0159\u00edb\u011bh \u017eeny, kter\u00e1 si nerozum\u00ed se svou vlastn\u00ed dcerou, \u017eeny, kter\u00e9 musela sv\u00e9 posti\u017een\u00e9 d\u00edt\u011b d\u00e1t do \u00fastavu nebo t\u0159eba \u017eeny, kter\u00e1 se stala milenkou \u017eenat\u00e9ho mu\u017ee.4)OsmKniha Osm je posledn\u00ed knihou Radky T\u0159e\u0161t\u00edkov\u00e9 a po \u00fasp\u011bchu B\u00e1bovek, se d\u00e1 o\u010dek\u00e1vat, \u017ee se stane tak\u00e9 bestsellerem. Tato kniha je odli\u0161n\u00e1 od t\u011bch p\u0159edchoz\u00edch, kter\u00e9 byly sp\u00ed\u0161e rom\u00e1ny pro \u017eeny. Kniha Osm je nap\u00ednavou detektivkou. V\u00a0knize se \u0159e\u0161\u00ed post\u0159elen\u00ed mlad\u00e9 d\u00edvky, policie se sna\u017e\u00ed p\u0159ij\u00edt na to, kdo je pachatelem. D\u00edvka si po probuzen\u00ed z\u00a0k\u00f3matu nic z\u00a0osudn\u00e9ho dne nepamatuje a nepamatuje si dokonce ani cel\u00fd rok p\u0159ed post\u0159elen\u00edm.                                                                                                                                                                                                                                                                                                                                                                                        4\/5 - (3 votes)        "},{"@context":"https:\/\/schema.org\/","@type":"BreadcrumbList","itemListElement":[{"@type":"ListItem","position":1,"name":"Radka T\u0159e\u0161t\u00edkov\u00e1 a jej\u00ed knihy","item":"https:\/\/www.koordona.cz\/radka-trestikova-a-jeji-knihy\/#breadcrumbitem"}]}]