[{"@context":"https:\/\/schema.org\/","@type":"Article","@id":"https:\/\/www.koordona.cz\/vite-ktere-pecivo-ma-v-listopadu-svatek\/#Article","mainEntityOfPage":"https:\/\/www.koordona.cz\/vite-ktere-pecivo-ma-v-listopadu-svatek\/","headline":"V\u00edte, kter\u00e9 pe\u010divo m\u00e1 v listopadu sv\u00e1tek?","name":"V\u00edte, kter\u00e9 pe\u010divo m\u00e1 v listopadu sv\u00e1tek?","description":"Zimn\u00ed dovolen\u00e1 se d\u00e1 str\u00e1vit mnoha r\u016fzn\u00fdmi zp\u016fsoby. M\u016f\u017eete jen tak sed\u011bt doma a t\u011b\u0161it se na v\u00e1no\u010dn\u00ed sv\u00e1tky. M\u016f\u017eete [&hellip;]","datePublished":"2025-02-24","dateModified":"2023-04-29","author":{"@type":"Person","@id":"https:\/\/www.koordona.cz\/author\/#Person","name":"","url":"https:\/\/www.koordona.cz\/author\/","identifier":1,"image":{"@type":"ImageObject","@id":"https:\/\/secure.gravatar.com\/avatar\/da76ffe9456a057fb26f92cd8eb3d2effca853864e9ae2a35290bd1e10b1f7d4?s=96&d=mm&r=g","url":"https:\/\/secure.gravatar.com\/avatar\/da76ffe9456a057fb26f92cd8eb3d2effca853864e9ae2a35290bd1e10b1f7d4?s=96&d=mm&r=g","height":96,"width":96}},"publisher":{"@type":"Organization","name":"koordona.cz","logo":{"@type":"ImageObject","@id":"\/logo.png","url":"\/logo.png","width":600,"height":60}},"image":{"@type":"ImageObject","@id":"https:\/\/www.koordona.cz\/wp-content\/uploads\/img_a290518_w2165_t1503232694.jpg","url":"https:\/\/www.koordona.cz\/wp-content\/uploads\/img_a290518_w2165_t1503232694.jpg","height":0,"width":0},"url":"https:\/\/www.koordona.cz\/vite-ktere-pecivo-ma-v-listopadu-svatek\/","wordCount":427,"articleBody":"Zimn\u00ed dovolen\u00e1 se d\u00e1 str\u00e1vit mnoha r\u016fzn\u00fdmi zp\u016fsoby. M\u016f\u017eete jen tak sed\u011bt doma a t\u011b\u0161it se na v\u00e1no\u010dn\u00ed sv\u00e1tky. M\u016f\u017eete tak\u00e9 pob\u00edhat po m\u011bst\u011b s ostatn\u00edmi zoufalci a hledat, co byste mohli na posledn\u00ed chv\u00edli je\u0161t\u011b koupit sv\u00fdm bl\u00edzk\u00fdm. Nebo si m\u016f\u017eete advent vychutnat na n\u011bkter\u00e9m v\u00e1no\u010dn\u00edm trhu. V\u00e1no\u010dn\u00ed trhy v Dr\u00e1\u017e\u010fanech jsou zn\u00e1m\u00e9 svou dlouhou tradic\u00ed. Prvn\u00ed adventn\u00ed trh se tu konal u\u017e v roce 1434. Tehdy ale asi nebyl tak rozs\u00e1hl\u00fd jako v\u00a0dne\u0161n\u00ed dob\u011b. V sou\u010dasnosti na n\u011bm najdete dv\u011b st\u011b pades\u00e1t st\u00e1nk\u016f s nejr\u016fzn\u011bj\u0161\u00edm zbo\u017e\u00edm. P\u0159esn\u011b m\u011bs\u00edc p\u0159ed nejv\u011bt\u0161\u00edmi k\u0159es\u0165ansk\u00fdmi sv\u00e1tky se tu za\u010d\u00edn\u00e1 konat mnoho slavnost\u00ed a kulturn\u00edch program\u016f. Zaj\u00edmav\u00e1 je nap\u0159\u00edklad takzvan\u00e1 \u201e\u0160t\u00f3lov\u00e1 slavnost\u201c, kter\u00e1 se kon\u00e1 na po\u010dest tohoto tradi\u010dn\u00edho v\u00e1no\u010dn\u00edho pe\u010diva.o\u00a0\u00a0 U n\u011bmeck\u00fdch obyvatel by se prost\u011b V\u00e1noce bez t\u00e9to pochoutky, pln\u00e9 rozinek, mandl\u00ed a kandovan\u00e9ho ovoce, neobe\u0161ly.o\u00a0\u00a0 Tato tradice se dodr\u017euje u\u017e p\u0159es t\u0159i sta let.\u010cty\u0159iadvac\u00e1t\u00e9ho listopadu (den, kter\u00fd m\u00e1 \u0161tola sv\u00e1tek) p\u0159iveze na slavnosti \u0161t\u00f3lu ko\u0148sk\u00e9 sp\u0159e\u017een\u00ed, kter\u00e9 doprov\u00e1z\u00ed pr\u016fvod. Na p\u00f3diu se pak pe\u010divo rozkr\u00e1j\u00ed a rozd\u00e1 p\u0159ihl\u00ed\u017eej\u00edc\u00edm.\tNejen dobroty, ale i kulturaZ v\u00e1no\u010dn\u00edch trh\u016f si m\u016f\u017eete p\u0159iv\u00e9zt i jeden zaj\u00edmav\u00fd suven\u00fdr, kter\u00fdm je pam\u011btn\u00ed tolar. T\u00edm se tady na trz\u00edch toti\u017e plat\u00ed. K v\u00e1no\u010dn\u00ed n\u00e1lad\u011b, kter\u00e1 je v Dr\u00e1\u017e\u010fanech opravdu c\u00edtit na ka\u017ed\u00e9m kroku, velice p\u0159isp\u00edvaj\u00ed i r\u016fzn\u00e9 v\u00fdstavy a koncerty, kter\u00e9 se konaj\u00ed v kostelech. Nejzn\u00e1m\u011bj\u0161\u00ed opern\u00ed sc\u00e9na, kterou je Semperova opera, uv\u00e1d\u011bla nap\u0159\u00edklad operu o Jen\u00ed\u010dkovi a Ma\u0159ence od n\u011bmeck\u00e9ho skladatele Engelberta Humperdincka. Jestli\u017ee si chcete adventn\u00ed \u010das v Dr\u00e1\u017e\u010fanech vychutnat v\u0161emi mo\u017en\u00fdmi zp\u016fsoby, je pro v\u00e1s p\u0159ipravena nab\u00eddka Sask\u00e9 paroplavebn\u00ed spole\u010dnosti. Ta nab\u00edz\u00ed vyj\u00ed\u017e\u010fky po Labi. K tomu se pod\u00e1v\u00e1 jedna m\u00edstn\u00ed specialita.o\u00a0\u00a0 \u017de neuhodnete, kter\u00e1 to je?\u00b7\u00a0\u00a0\u00a0\u00a0\u00a0\u00a0\u00a0 No p\u0159eci ta, kter\u00e1 m\u00e1 sv\u00e1tek \u010dty\u0159iadvac\u00e1t\u00e9ho listopadu.                                                                                                                                                                                                                                                                                                                                                                                        3.6\/5 - (10 votes)        "},{"@context":"https:\/\/schema.org\/","@type":"BreadcrumbList","itemListElement":[{"@type":"ListItem","position":1,"name":"V\u00edte, kter\u00e9 pe\u010divo m\u00e1 v listopadu sv\u00e1tek?","item":"https:\/\/www.koordona.cz\/vite-ktere-pecivo-ma-v-listopadu-svatek\/#breadcrumbitem"}]}]