[{"@context":"https:\/\/schema.org\/","@type":"Article","@id":"https:\/\/www.koordona.cz\/vybirame-rychlovarnou-konvici\/#Article","mainEntityOfPage":"https:\/\/www.koordona.cz\/vybirame-rychlovarnou-konvici\/","headline":"Vyb\u00edr\u00e1me rychlovarnou konvici","name":"Vyb\u00edr\u00e1me rychlovarnou konvici","description":"V\u011bt\u0161ina lid\u00ed u p\u0159\u00edstroj\u016f v dom\u00e1cnosti oce\u0148ujeme jednoduchost a mo\u017enost je zapojovat a p\u0159en\u00e1\u0161et na v\u00edce m\u00edst v byt\u011b. Samoz\u0159ejm\u011b [&hellip;]","datePublished":"2025-02-24","dateModified":"2023-04-29","author":{"@type":"Person","@id":"https:\/\/www.koordona.cz\/author\/#Person","name":"","url":"https:\/\/www.koordona.cz\/author\/","identifier":1,"image":{"@type":"ImageObject","@id":"https:\/\/secure.gravatar.com\/avatar\/da76ffe9456a057fb26f92cd8eb3d2effca853864e9ae2a35290bd1e10b1f7d4?s=96&d=mm&r=g","url":"https:\/\/secure.gravatar.com\/avatar\/da76ffe9456a057fb26f92cd8eb3d2effca853864e9ae2a35290bd1e10b1f7d4?s=96&d=mm&r=g","height":96,"width":96}},"publisher":{"@type":"Organization","name":"koordona.cz","logo":{"@type":"ImageObject","@id":"\/logo.png","url":"\/logo.png","width":600,"height":60}},"image":{"@type":"ImageObject","@id":"https:\/\/www.koordona.cz\/wp-content\/uploads\/img_a316536_w2062_t1527496889.jpg","url":"https:\/\/www.koordona.cz\/wp-content\/uploads\/img_a316536_w2062_t1527496889.jpg","height":0,"width":0},"url":"https:\/\/www.koordona.cz\/vybirame-rychlovarnou-konvici\/","wordCount":406,"articleBody":"V\u011bt\u0161ina lid\u00ed u p\u0159\u00edstroj\u016f v dom\u00e1cnosti oce\u0148ujeme jednoduchost a mo\u017enost je zapojovat a p\u0159en\u00e1\u0161et na v\u00edce m\u00edst v byt\u011b. Samoz\u0159ejm\u011b to plat\u00ed i u spot\u0159ebi\u010d\u016f pou\u017e\u00edvan\u00fdch v kuchyni. Modern\u00ed rychlovarn\u00e9 konvice tyto po\u017eadavky ur\u010dit\u011b spl\u0148uj\u00ed. Jejich ovl\u00e1d\u00e1n\u00ed je jednoduch\u00e9 a na rozd\u00edl od klasick\u00fdch konvic nejsou p\u0159i um\u00edst\u011bn\u00ed limitovan\u00e9 um\u00edst\u011bn\u00edm spor\u00e1ku. Daj\u00ed se postavit vlastn\u011b kamkoli, kde je k dispozici z\u00e1suvka elektrick\u00e9ho proudu. Jsou tak v\u017edy po ruce. Krom\u011b z\u00e1kladny p\u0159ipojen\u00e9 k s\u00edti je pak m\u016f\u017eeme vz\u00edt kamkoli po byt\u011b.\u00a0Na co se zam\u011b\u0159it p\u0159i n\u00e1kupu?Pokud po\u0159izujeme do na\u0161\u00ed dom\u00e1cnosti novou rychlovarnou konvici, zam\u011b\u0159\u00edme se p\u0159edev\u0161\u00edm na n\u00e1sleduj\u00edc\u00ed faktory a vlastnosti:\u00a0rychlost&#8211;\u00a0\u00a0\u00a0\u00a0\u00a0\u00a0 je jeden ze z\u00e1kladn\u00edch faktor\u016f, nechceme p\u0159i p\u0159\u00edprav\u011b rann\u00ed k\u00e1vy nebo \u010daje u konvice \u010dekat v\u011b\u010dnost&#8211;\u00a0\u00a0\u00a0\u00a0\u00a0\u00a0 rychlost oh\u0159evu z\u00e1le\u017e\u00ed na p\u0159\u00edkonu konvice, ty opravdu rychl\u00e9 maj\u00ed p\u0159\u00edkon alespo\u0148 1000 a v\u00edce Watt\u016f\u00a0kapacita&#8211;\u00a0\u00a0\u00a0\u00a0\u00a0\u00a0 to je dal\u0161\u00ed velice d\u016fle\u017eit\u00fd faktor, b\u011b\u017en\u00e1 kapacita se pohybuje kolem 1,5 litru&#8211;\u00a0\u00a0\u00a0\u00a0\u00a0\u00a0 pokud ale va\u0161e dom\u00e1cnost nem\u00e1 moc \u010dlen\u016f nebo konvici vyu\u017e\u00edv\u00e1te jen k p\u0159\u00edprav\u011b rann\u00ed k\u00e1vy, posta\u010d\u00ed v\u00e1m samoz\u0159ejm\u011b konvice men\u0161\u00ed\u00a0ovl\u00e1d\u00e1n\u00ed&#8211;\u00a0\u00a0\u00a0\u00a0\u00a0\u00a0 p\u0159irozen\u011b po\u017eadujeme ovl\u00e1d\u00e1n\u00ed co nejsnadn\u011bj\u0161\u00ed, automatick\u00e9 vyp\u00edn\u00e1n\u00ed, dra\u017e\u0161\u00ed modely nab\u00edzej\u00ed tak\u00e9 mo\u017enost nastaven\u00ed c\u00edlov\u00e9 teploty\u00a0velikost pln\u00edc\u00edho otvoru&#8211;\u00a0\u00a0\u00a0\u00a0\u00a0\u00a0 pokud vybereme model s velk\u00fdm pln\u00edc\u00edm otvorem, bude snadn\u011bj\u0161\u00ed nejen pln\u011bn\u00ed, ale tak\u00e9 \u010di\u0161t\u011bn\u00ed (kter\u00e9mu se nevyhneme nikdy, obzvl\u00e1\u0161t\u011b pokud m\u00e1me vodu tvrd\u0161\u00ed)\u00a0materi\u00e1l&#8211;\u00a0\u00a0\u00a0\u00a0\u00a0\u00a0 zde pozor na konvice, u kter\u00fdch se na velkou teplotu oh\u0159eje nejen voda, ale i dr\u017eadlo (bohu\u017eel se to u n\u011bkter\u00fdch model\u016f je\u0161t\u011b st\u00e1v\u00e1)&#8211;\u00a0\u00a0\u00a0\u00a0\u00a0\u00a0 nejlevn\u011bj\u0161\u00ed modely jsou v\u011bt\u0161inou plastov\u00e9, ty dra\u017e\u0161\u00ed jsou vyr\u00e1b\u011bny z kvalitn\u011bj\u0161\u00edch materi\u00e1l\u016f s v\u011bt\u0161\u00ed v\u00fddr\u017e\u00ed \u2013 z kovu \u010di skla\u00a0Barva a to, zda se n\u00e1m rychlovarn\u00e1 konvice jaksi \u201ehod\u00ed do kuchyn\u011b\u201c z hlediska designu cel\u00e9ho prostoru pak samoz\u0159ejm\u011b z\u00e1le\u017e\u00ed zcela na na\u0161em vkusu. Obchody v tomto sm\u011bru nab\u00edz\u00ed pestr\u00fd v\u00fdb\u011br.                                                                                                                                                                                                                                                                                                                                                                                        4.5\/5 - (8 votes)        "},{"@context":"https:\/\/schema.org\/","@type":"BreadcrumbList","itemListElement":[{"@type":"ListItem","position":1,"name":"Vyb\u00edr\u00e1me rychlovarnou konvici","item":"https:\/\/www.koordona.cz\/vybirame-rychlovarnou-konvici\/#breadcrumbitem"}]}]