{"@context":"https:\/\/schema.org\/","@type":"CollectionPage","@id":"https:\/\/www.koordona.cz\/vyrobky\/#CollectionPage","headline":"V\u00fdrobky Category","description":"","url":"https:\/\/www.koordona.cz\/vyrobky\/","hasPart":[{"@type":"Article","@id":"https:\/\/www.koordona.cz\/kontrola-ph-bazenove-vody\/","headline":"Kontrola pH baz\u00e9nov\u00e9 vody","url":"https:\/\/www.koordona.cz\/kontrola-ph-bazenove-vody\/","datePublished":"2020-07-19","dateModified":"2023-04-29","mainEntityOfPage":"https:\/\/www.koordona.cz\/kontrola-ph-bazenove-vody\/","author":{"@type":"Person","@id":"https:\/\/www.koordona.cz\/author\/#Person","name":"","url":"https:\/\/www.koordona.cz\/author\/","identifier":1,"image":{"@type":"ImageObject","@id":"https:\/\/secure.gravatar.com\/avatar\/da76ffe9456a057fb26f92cd8eb3d2effca853864e9ae2a35290bd1e10b1f7d4?s=96&d=mm&r=g","url":"https:\/\/secure.gravatar.com\/avatar\/da76ffe9456a057fb26f92cd8eb3d2effca853864e9ae2a35290bd1e10b1f7d4?s=96&d=mm&r=g","height":96,"width":96}},"publisher":{"@type":"Organization","name":"koordona.cz","logo":{"@type":"ImageObject","@id":"\/logo.png","url":"\/logo.png","width":600,"height":60}},"image":{"@type":"ImageObject","@id":"https:\/\/www.koordona.cz\/wp-content\/uploads\/voda_3.jpg","url":"https:\/\/www.koordona.cz\/wp-content\/uploads\/voda_3.jpg","height":0,"width":0},"keywords":null},{"@type":"Article","@id":"https:\/\/www.koordona.cz\/pristresek-pro-automobil-z-tech-nejkvalitnejsich-materialu\/","headline":"P\u0159\u00edst\u0159e\u0161ek pro automobil z t\u011bch nejkvalitn\u011bj\u0161\u00edch materi\u00e1l\u016f","url":"https:\/\/www.koordona.cz\/pristresek-pro-automobil-z-tech-nejkvalitnejsich-materialu\/","datePublished":"2020-05-11","dateModified":"2023-12-12","mainEntityOfPage":"https:\/\/www.koordona.cz\/pristresek-pro-automobil-z-tech-nejkvalitnejsich-materialu\/","author":{"@type":"Person","@id":"https:\/\/www.koordona.cz\/author\/#Person","name":"","url":"https:\/\/www.koordona.cz\/author\/","identifier":1,"image":{"@type":"ImageObject","@id":"https:\/\/secure.gravatar.com\/avatar\/da76ffe9456a057fb26f92cd8eb3d2effca853864e9ae2a35290bd1e10b1f7d4?s=96&d=mm&r=g","url":"https:\/\/secure.gravatar.com\/avatar\/da76ffe9456a057fb26f92cd8eb3d2effca853864e9ae2a35290bd1e10b1f7d4?s=96&d=mm&r=g","height":96,"width":96}},"publisher":{"@type":"Organization","name":"koordona.cz","logo":{"@type":"ImageObject","@id":"\/logo.png","url":"\/logo.png","width":600,"height":60}},"image":{"@type":"ImageObject","@id":"https:\/\/www.koordona.cz\/wp-content\/uploads\/p%C5%99%C3%ADst%C5%99e%C5%A1ek%20v%20zim%C4%9B.jpg","url":"https:\/\/www.koordona.cz\/wp-content\/uploads\/p%C5%99%C3%ADst%C5%99e%C5%A1ek%20v%20zim%C4%9B.jpg","height":0,"width":0},"keywords":null},{"@type":"Article","@id":"https:\/\/www.koordona.cz\/mate-taky-slabost-pro-kvalitu\/","headline":"M\u00e1te taky slabost pro kvalitu?","url":"https:\/\/www.koordona.cz\/mate-taky-slabost-pro-kvalitu\/","datePublished":"2020-02-27","dateModified":"2023-04-29","mainEntityOfPage":"https:\/\/www.koordona.cz\/mate-taky-slabost-pro-kvalitu\/","author":{"@type":"Person","@id":"https:\/\/www.koordona.cz\/author\/#Person","name":"","url":"https:\/\/www.koordona.cz\/author\/","identifier":1,"image":{"@type":"ImageObject","@id":"https:\/\/secure.gravatar.com\/avatar\/da76ffe9456a057fb26f92cd8eb3d2effca853864e9ae2a35290bd1e10b1f7d4?s=96&d=mm&r=g","url":"https:\/\/secure.gravatar.com\/avatar\/da76ffe9456a057fb26f92cd8eb3d2effca853864e9ae2a35290bd1e10b1f7d4?s=96&d=mm&r=g","height":96,"width":96}},"publisher":{"@type":"Organization","name":"koordona.cz","logo":{"@type":"ImageObject","@id":"\/logo.png","url":"\/logo.png","width":600,"height":60}},"image":{"@type":"ImageObject","@id":"https:\/\/www.koordona.cz\/wp-content\/uploads\/img_a370567_w3032_t1582192882.jpg","url":"https:\/\/www.koordona.cz\/wp-content\/uploads\/img_a370567_w3032_t1582192882.jpg","height":0,"width":0},"keywords":null},{"@type":"Article","@id":"https:\/\/www.koordona.cz\/prakticka-a-odolna-postel-do-detskeho-pokoje\/","headline":"Praktick\u00e1 a odoln\u00e1 postel do d\u011btsk\u00e9ho pokoje","url":"https:\/\/www.koordona.cz\/prakticka-a-odolna-postel-do-detskeho-pokoje\/","datePublished":"2020-01-08","dateModified":"2023-12-28","mainEntityOfPage":"https:\/\/www.koordona.cz\/prakticka-a-odolna-postel-do-detskeho-pokoje\/","author":{"@type":"Person","@id":"https:\/\/www.koordona.cz\/author\/#Person","name":"","url":"https:\/\/www.koordona.cz\/author\/","identifier":1,"image":{"@type":"ImageObject","@id":"https:\/\/secure.gravatar.com\/avatar\/da76ffe9456a057fb26f92cd8eb3d2effca853864e9ae2a35290bd1e10b1f7d4?s=96&d=mm&r=g","url":"https:\/\/secure.gravatar.com\/avatar\/da76ffe9456a057fb26f92cd8eb3d2effca853864e9ae2a35290bd1e10b1f7d4?s=96&d=mm&r=g","height":96,"width":96}},"publisher":{"@type":"Organization","name":"koordona.cz","logo":{"@type":"ImageObject","@id":"\/logo.png","url":"\/logo.png","width":600,"height":60}},"image":{"@type":"ImageObject","@id":"https:\/\/www.koordona.cz\/wp-content\/uploads\/img_a348184_w1750_t1562665157.jpg","url":"https:\/\/www.koordona.cz\/wp-content\/uploads\/img_a348184_w1750_t1562665157.jpg","height":0,"width":0},"keywords":null},{"@type":"Article","@id":"https:\/\/www.koordona.cz\/ani-trampolina-nevydrzi-vecne\/","headline":"Ani trampol\u00edna nevydr\u017e\u00ed v\u011b\u010dn\u011b","url":"https:\/\/www.koordona.cz\/ani-trampolina-nevydrzi-vecne\/","datePublished":"2019-03-14","dateModified":"2023-04-29","mainEntityOfPage":"https:\/\/www.koordona.cz\/ani-trampolina-nevydrzi-vecne\/","author":{"@type":"Person","@id":"https:\/\/www.koordona.cz\/author\/#Person","name":"","url":"https:\/\/www.koordona.cz\/author\/","identifier":1,"image":{"@type":"ImageObject","@id":"https:\/\/secure.gravatar.com\/avatar\/da76ffe9456a057fb26f92cd8eb3d2effca853864e9ae2a35290bd1e10b1f7d4?s=96&d=mm&r=g","url":"https:\/\/secure.gravatar.com\/avatar\/da76ffe9456a057fb26f92cd8eb3d2effca853864e9ae2a35290bd1e10b1f7d4?s=96&d=mm&r=g","height":96,"width":96}},"publisher":{"@type":"Organization","name":"koordona.cz","logo":{"@type":"ImageObject","@id":"\/logo.png","url":"\/logo.png","width":600,"height":60}},"image":{"@type":"ImageObject","@id":"https:\/\/www.koordona.cz\/wp-content\/uploads\/img_a342794_w1698_t1556006602.jpg","url":"https:\/\/www.koordona.cz\/wp-content\/uploads\/img_a342794_w1698_t1556006602.jpg","height":0,"width":0},"keywords":null},{"@type":"Article","@id":"https:\/\/www.koordona.cz\/s-bazenovymi-testery-budete-mit-prehled-o-kvalite-vody\/","headline":"S baz\u00e9nov\u00fdmi testery budete m\u00edt p\u0159ehled o kvalit\u011b vody","url":"https:\/\/www.koordona.cz\/s-bazenovymi-testery-budete-mit-prehled-o-kvalite-vody\/","datePublished":"2019-03-09","dateModified":"2024-04-02","mainEntityOfPage":"https:\/\/www.koordona.cz\/s-bazenovymi-testery-budete-mit-prehled-o-kvalite-vody\/","author":{"@type":"Person","@id":"https:\/\/www.koordona.cz\/author\/#Person","name":"","url":"https:\/\/www.koordona.cz\/author\/","identifier":1,"image":{"@type":"ImageObject","@id":"https:\/\/secure.gravatar.com\/avatar\/da76ffe9456a057fb26f92cd8eb3d2effca853864e9ae2a35290bd1e10b1f7d4?s=96&d=mm&r=g","url":"https:\/\/secure.gravatar.com\/avatar\/da76ffe9456a057fb26f92cd8eb3d2effca853864e9ae2a35290bd1e10b1f7d4?s=96&d=mm&r=g","height":96,"width":96}},"publisher":{"@type":"Organization","name":"koordona.cz","logo":{"@type":"ImageObject","@id":"\/logo.png","url":"\/logo.png","width":600,"height":60}},"image":{"@type":"ImageObject","@id":"https:\/\/www.koordona.cz\/wp-content\/uploads\/img_a343968_w2600_t1557396309.jpg","url":"https:\/\/www.koordona.cz\/wp-content\/uploads\/img_a343968_w2600_t1557396309.jpg","height":0,"width":0},"keywords":null},{"@type":"Article","@id":"https:\/\/www.koordona.cz\/naucte-se-sve-chute-ovladat\/","headline":"Nau\u010dte se sv\u00e9 chut\u011b ovl\u00e1dat","url":"https:\/\/www.koordona.cz\/naucte-se-sve-chute-ovladat\/","datePublished":"2019-02-28","dateModified":"2023-04-29","mainEntityOfPage":"https:\/\/www.koordona.cz\/naucte-se-sve-chute-ovladat\/","author":{"@type":"Person","@id":"https:\/\/www.koordona.cz\/author\/#Person","name":"","url":"https:\/\/www.koordona.cz\/author\/","identifier":1,"image":{"@type":"ImageObject","@id":"https:\/\/secure.gravatar.com\/avatar\/da76ffe9456a057fb26f92cd8eb3d2effca853864e9ae2a35290bd1e10b1f7d4?s=96&d=mm&r=g","url":"https:\/\/secure.gravatar.com\/avatar\/da76ffe9456a057fb26f92cd8eb3d2effca853864e9ae2a35290bd1e10b1f7d4?s=96&d=mm&r=g","height":96,"width":96}},"publisher":{"@type":"Organization","name":"koordona.cz","logo":{"@type":"ImageObject","@id":"\/logo.png","url":"\/logo.png","width":600,"height":60}},"image":{"@type":"ImageObject","@id":"https:\/\/www.koordona.cz\/wp-content\/uploads\/img_a343509_w3185_t1556528695.jpg","url":"https:\/\/www.koordona.cz\/wp-content\/uploads\/img_a343509_w3185_t1556528695.jpg","height":0,"width":0},"keywords":null},{"@type":"Article","@id":"https:\/\/www.koordona.cz\/chcete-obyvak-jako-z-casopisu-investujte-do-sluzeb-bytoveho-architekta\/","headline":"Chcete ob\u00fdv\u00e1k jako z \u010dasopisu? Investujte do slu\u017eeb bytov\u00e9ho architekta","url":"https:\/\/www.koordona.cz\/chcete-obyvak-jako-z-casopisu-investujte-do-sluzeb-bytoveho-architekta\/","datePublished":"2019-02-10","dateModified":"2023-08-17","mainEntityOfPage":"https:\/\/www.koordona.cz\/chcete-obyvak-jako-z-casopisu-investujte-do-sluzeb-bytoveho-architekta\/","author":{"@type":"Person","@id":"https:\/\/www.koordona.cz\/author\/#Person","name":"","url":"https:\/\/www.koordona.cz\/author\/","identifier":1,"image":{"@type":"ImageObject","@id":"https:\/\/secure.gravatar.com\/avatar\/da76ffe9456a057fb26f92cd8eb3d2effca853864e9ae2a35290bd1e10b1f7d4?s=96&d=mm&r=g","url":"https:\/\/secure.gravatar.com\/avatar\/da76ffe9456a057fb26f92cd8eb3d2effca853864e9ae2a35290bd1e10b1f7d4?s=96&d=mm&r=g","height":96,"width":96}},"publisher":{"@type":"Organization","name":"koordona.cz","logo":{"@type":"ImageObject","@id":"\/logo.png","url":"\/logo.png","width":600,"height":60}},"image":{"@type":"ImageObject","@id":"https:\/\/www.koordona.cz\/wp-content\/uploads\/img_a338927_w1697_t1552048735.jpg","url":"https:\/\/www.koordona.cz\/wp-content\/uploads\/img_a338927_w1697_t1552048735.jpg","height":0,"width":0},"keywords":null},{"@type":"Article","@id":"https:\/\/www.koordona.cz\/pece-kterou-neni-dobre-podcenovat\/","headline":"P\u00e9\u010de, kterou nen\u00ed dobr\u00e9 podce\u0148ovat","url":"https:\/\/www.koordona.cz\/pece-kterou-neni-dobre-podcenovat\/","datePublished":"2018-05-26","dateModified":"2023-04-29","mainEntityOfPage":"https:\/\/www.koordona.cz\/pece-kterou-neni-dobre-podcenovat\/","author":{"@type":"Person","@id":"https:\/\/www.koordona.cz\/author\/#Person","name":"","url":"https:\/\/www.koordona.cz\/author\/","identifier":1,"image":{"@type":"ImageObject","@id":"https:\/\/secure.gravatar.com\/avatar\/da76ffe9456a057fb26f92cd8eb3d2effca853864e9ae2a35290bd1e10b1f7d4?s=96&d=mm&r=g","url":"https:\/\/secure.gravatar.com\/avatar\/da76ffe9456a057fb26f92cd8eb3d2effca853864e9ae2a35290bd1e10b1f7d4?s=96&d=mm&r=g","height":96,"width":96}},"publisher":{"@type":"Organization","name":"koordona.cz","logo":{"@type":"ImageObject","@id":"\/logo.png","url":"\/logo.png","width":600,"height":60}},"image":{"@type":"ImageObject","@id":"https:\/\/www.koordona.cz\/wp-content\/uploads\/img_a317565_w2425_t1528308462.jpg","url":"https:\/\/www.koordona.cz\/wp-content\/uploads\/img_a317565_w2425_t1528308462.jpg","height":0,"width":0},"keywords":null},{"@type":"Article","@id":"https:\/\/www.koordona.cz\/pokrok-prinesl-i-miner-asic\/","headline":"Pokrok p\u0159inesl i miner asic","url":"https:\/\/www.koordona.cz\/pokrok-prinesl-i-miner-asic\/","datePublished":"2018-03-04","dateModified":"2023-04-29","mainEntityOfPage":"https:\/\/www.koordona.cz\/pokrok-prinesl-i-miner-asic\/","author":{"@type":"Person","@id":"https:\/\/www.koordona.cz\/author\/#Person","name":"","url":"https:\/\/www.koordona.cz\/author\/","identifier":1,"image":{"@type":"ImageObject","@id":"https:\/\/secure.gravatar.com\/avatar\/da76ffe9456a057fb26f92cd8eb3d2effca853864e9ae2a35290bd1e10b1f7d4?s=96&d=mm&r=g","url":"https:\/\/secure.gravatar.com\/avatar\/da76ffe9456a057fb26f92cd8eb3d2effca853864e9ae2a35290bd1e10b1f7d4?s=96&d=mm&r=g","height":96,"width":96}},"publisher":{"@type":"Organization","name":"koordona.cz","logo":{"@type":"ImageObject","@id":"\/logo.png","url":"\/logo.png","width":600,"height":60}},"image":{"@type":"ImageObject","@id":"https:\/\/www.koordona.cz\/wp-content\/uploads\/img_a316130_w2367_t1527075224.jpg","url":"https:\/\/www.koordona.cz\/wp-content\/uploads\/img_a316130_w2367_t1527075224.jpg","height":0,"width":0},"keywords":null}]}