[{"@context":"https:\/\/schema.org\/","@type":"Article","@id":"https:\/\/www.koordona.cz\/zutulnete-si-byt-ci-kancelar\/#Article","mainEntityOfPage":"https:\/\/www.koordona.cz\/zutulnete-si-byt-ci-kancelar\/","headline":"Z\u00fatuln\u011bte si byt \u010di kancel\u00e1\u0159","name":"Z\u00fatuln\u011bte si byt \u010di kancel\u00e1\u0159","description":"Pot\u0159ebujete si z\u00fatulnit sv\u016fj byt, \u010di kancel\u00e1\u0159? Pod\u00edvejte se na na\u0161e internetov\u00e9 str\u00e1nky a zjist\u00edte, \u017ee nab\u00edz\u00edme \u0161irok\u00fd v\u00fdb\u011br potahov\u00fdch [&hellip;]","datePublished":"2025-02-20","dateModified":"2025-02-20","author":{"@type":"Person","@id":"https:\/\/www.koordona.cz\/author\/#Person","name":"","url":"https:\/\/www.koordona.cz\/author\/","identifier":1,"image":{"@type":"ImageObject","@id":"https:\/\/secure.gravatar.com\/avatar\/da76ffe9456a057fb26f92cd8eb3d2effca853864e9ae2a35290bd1e10b1f7d4?s=96&d=mm&r=g","url":"https:\/\/secure.gravatar.com\/avatar\/da76ffe9456a057fb26f92cd8eb3d2effca853864e9ae2a35290bd1e10b1f7d4?s=96&d=mm&r=g","height":96,"width":96}},"publisher":{"@type":"Organization","name":"koordona.cz","logo":{"@type":"ImageObject","@id":"\/logo.png","url":"\/logo.png","width":600,"height":60}},"url":"https:\/\/www.koordona.cz\/zutulnete-si-byt-ci-kancelar\/","wordCount":204,"articleBody":"Pot\u0159ebujete si z\u00fatulnit sv\u016fj byt, \u010di kancel\u00e1\u0159? Pod\u00edvejte se na na\u0161e internetov\u00e9 str\u00e1nky a zjist\u00edte, \u017ee nab\u00edz\u00edme \u0161irok\u00fd v\u00fdb\u011br potahov\u00fdch l\u00e1tek. Tyto l\u00e1tky m\u016f\u017eete vyu\u017e\u00edt k \u010daloun\u011bn\u00ed n\u00e1bytku, ale tak\u00e9 jsou dob\u0159e pou\u017eiteln\u00e9 k \u0161it\u00ed pol\u0161t\u00e1\u0159k\u016f, sed\u00e1k\u016f, r\u016fzn\u00fdch p\u0159ehoz\u016f apod. U n\u00e1s si m\u016f\u017eete objednat jak\u00e9koli mno\u017estv\u00ed ani\u017e bychom v\u00e1m \u00fa\u010dtovali p\u0159ir\u00e1\u017eku za st\u0159\u00edh\u00e1n\u00ed.Kvalita se pozn\u00e1Na\u0161e potahov\u00e9 l\u00e1tky se vyzna\u010duj\u00ed vysokou kvalitou. Nab\u00edz\u00edme velk\u00e9 mno\u017estv\u00ed barev a dez\u00e9n\u016f. V\u0161echno zbo\u017e\u00ed, kter\u00e9 nab\u00edz\u00edme, je \u010desk\u00e9 v\u00fdroby, z odoln\u00fdch a st\u00e1lobarevn\u00fdch materi\u00e1l\u016f. D\u00edky tomu je obl\u00edben\u00e9 pro svoji snadnou \u00fadr\u017ebu. Pakli\u017ee pot\u0159ebujete sv\u016fj interi\u00e9r n\u011b\u010d\u00edm o\u017eivit nebo ozvl\u00e1\u0161tnit, na\u0161e potahov\u00e9 l\u00e1tky v\u00e1m s t\u00edm pomohou k va\u0161\u00ed naprost\u00e9 spokojenosti. Nebude v\u00e1s to moc st\u00e1t, ale v\u00fdsledek bude ur\u010dit\u011b znateln\u00fd. Proto nev\u00e1hejte a kontaktujte n\u00e1s, my v\u00e1m porad\u00edme k va\u0161\u00ed spokojenosti.                                                                                                                                                                                                                                                                                                                                                                                        5\/5 - (2 votes)        "},{"@context":"https:\/\/schema.org\/","@type":"BreadcrumbList","itemListElement":[{"@type":"ListItem","position":1,"name":"Z\u00fatuln\u011bte si byt \u010di kancel\u00e1\u0159","item":"https:\/\/www.koordona.cz\/zutulnete-si-byt-ci-kancelar\/#breadcrumbitem"}]}]